{"id":10009,"date":"2021-03-25T07:28:00","date_gmt":"2021-03-25T06:28:00","guid":{"rendered":"https:\/\/www.sp14.tychy.pl\/?p=10009"},"modified":"2021-03-26T01:31:22","modified_gmt":"2021-03-26T00:31:22","slug":"kolorowe-skarpetki","status":"publish","type":"post","link":"https:\/\/www.sp14.tychy.pl\/?p=10009","title":{"rendered":"Kolorowe Skarpetki"},"content":{"rendered":"\n<div class=\"wp-block-image\"><figure class=\"alignleft size-large is-resized\"><img decoding=\"async\" loading=\"lazy\" src=\"https:\/\/www.sp14.tychy.pl\/wp-content\/uploads\/2021\/03\/image-14.png\" alt=\"\" class=\"wp-image-10010\" width=\"452\" height=\"301\" srcset=\"https:\/\/www.sp14.tychy.pl\/wp-content\/uploads\/2021\/03\/image-14.png 605w, https:\/\/www.sp14.tychy.pl\/wp-content\/uploads\/2021\/03\/image-14-300x200.png 300w, https:\/\/www.sp14.tychy.pl\/wp-content\/uploads\/2021\/03\/image-14-150x100.png 150w\" sizes=\"(max-width: 452px) 100vw, 452px\" \/><\/figure><\/div>\n\n\n\n<p><strong>\u015awiatowy Dzie\u0144 Kolorowej Skarpetki. To \u015bwi\u0119to ludzi z Zespo\u0142em Downa<\/strong><strong><\/strong><\/p>\n\n\n\n<p>21 marca to pierwszy Dzie\u0144 Wiosny, ale nie tylko\u2026 to tak\u017ce od 2005 roku \u015awiatowy Dzie\u0144 Zespo\u0142u Downa. Pomys\u0142odawc\u0105 by\u0142 Stylianos E. Antonarakis \u2013 genetyk z uniwersytetu w Genewie. Wyb\u00f3r tego dnia to nie przypadek. To dzie\u0144 narodzin \u015bwiata przyrody po zimie, ale to r\u00f3wnie\u017c symbol istoty zaburzenia. Osoby z zespo\u0142em Downa charakteryzuje dodatkowy trzeci chromosom w 21 parze naszego zapisu genetycznego DNA.<\/p>\n\n\n\n<!--more-->\n\n\n\n<figure class=\"wp-block-image size-large\"><img decoding=\"async\" loading=\"lazy\" width=\"605\" height=\"311\" src=\"https:\/\/www.sp14.tychy.pl\/wp-content\/uploads\/2021\/03\/image-15.png\" alt=\"\" class=\"wp-image-10011\" srcset=\"https:\/\/www.sp14.tychy.pl\/wp-content\/uploads\/2021\/03\/image-15.png 605w, https:\/\/www.sp14.tychy.pl\/wp-content\/uploads\/2021\/03\/image-15-300x154.png 300w, https:\/\/www.sp14.tychy.pl\/wp-content\/uploads\/2021\/03\/image-15-150x77.png 150w\" sizes=\"(max-width: 605px) 100vw, 605px\" \/><\/figure>\n\n\n\n<ul><li><strong>21 marca \u015awiatowy Dzie\u0144 os\u00f3b z zespo\u0142em Downa<\/strong><strong><\/strong><\/li><\/ul>\n\n\n\n<figure class=\"wp-block-embed is-type-video is-provider-youtube wp-block-embed-youtube wp-embed-aspect-16-9 wp-has-aspect-ratio\"><div class=\"wp-block-embed__wrapper\">\n<iframe loading=\"lazy\" title=\"21 marca \u015awiatowy Dzie\u0144 os\u00f3b z zespo\u0142em downa\" width=\"500\" height=\"281\" src=\"https:\/\/www.youtube.com\/embed\/Fh3b4d8XF60?feature=oembed\" frameborder=\"0\" allow=\"accelerometer; autoplay; clipboard-write; encrypted-media; gyroscope; picture-in-picture\" allowfullscreen><\/iframe>\n<\/div><\/figure>\n\n\n\n<ul><li><strong>Zesp\u00f3\u0142 Downa &#8211; Jeste\u015bmy tu&nbsp; &nbsp;&nbsp;<\/strong><\/li><\/ul>\n\n\n\n<figure class=\"wp-block-embed is-type-rich is-provider-obsluga-osadzania wp-block-embed-obsluga-osadzania wp-embed-aspect-16-9 wp-has-aspect-ratio\"><div class=\"wp-block-embed__wrapper\">\n<iframe loading=\"lazy\" title=\"Zesp\u00f3\u0142 Downa - Jeste\u015bmy tu ( muz. Michael Jackson )\" width=\"500\" height=\"281\" src=\"https:\/\/www.youtube.com\/embed\/LTdgGXQ_08w?feature=oembed\" frameborder=\"0\" allow=\"accelerometer; autoplay; clipboard-write; encrypted-media; gyroscope; picture-in-picture\" allowfullscreen><\/iframe>\n<\/div><\/figure>\n\n\n\n<p><strong>Dlaczego skarpetki?<\/strong><strong><\/strong><\/p>\n\n\n\n<p>Dwie r\u00f3\u017cne skarpetki sta\u0142y si\u0119&nbsp;<strong>symbolem \u015awiatowego Dnia Zespo\u0142u Downa<\/strong>, poniewa\u017c&nbsp; <strong>chromosom ma kszta\u0142t przypominaj\u0105cy skarpet\u0119<\/strong>. Data 21&nbsp;marca te\u017c jest symboliczna, poniewa\u017c ludzie z zespo\u0142em Downa maj\u0105 dodatkowy chromosom numer 21.&nbsp;Maj\u0105 ich trzy zamiast dw\u00f3ch. Dlatego ta choroba genetyczna bywa te\u017c nazywana trisomi\u0105 21.Ci ludzie, cho\u0107 maj\u0105 co\u015b ekstra, wcale si\u0119 tym nie che\u0142pi\u0105!<\/p>\n\n\n\n<figure class=\"wp-block-image size-large\"><img decoding=\"async\" loading=\"lazy\" width=\"605\" height=\"340\" src=\"https:\/\/www.sp14.tychy.pl\/wp-content\/uploads\/2021\/03\/image-16.png\" alt=\"\" class=\"wp-image-10012\" srcset=\"https:\/\/www.sp14.tychy.pl\/wp-content\/uploads\/2021\/03\/image-16.png 605w, https:\/\/www.sp14.tychy.pl\/wp-content\/uploads\/2021\/03\/image-16-300x169.png 300w, https:\/\/www.sp14.tychy.pl\/wp-content\/uploads\/2021\/03\/image-16-150x84.png 150w\" sizes=\"(max-width: 605px) 100vw, 605px\" \/><\/figure>\n\n\n\n<p>Kto nosi kolorowe skarpetki wyr\u00f3\u017cnia si\u0119 w t\u0142umie, ale jednocze\u015bnie wysy\u0142a sygna\u0142, \u017ce bycie \u201einnym\u201d nie oznacza nic z\u0142ego. Osoby z zespo\u0142em Downa maj\u0105 potrzeby takie same jak inni ludzie na ca\u0142ym \u015bwiecie. \u015amiej\u0105 si\u0119, gdy s\u0105 szcz\u0119\u015bliwi a skrzywdzeni p\u0142acz\u0105 i s\u0105 smutni. Do szcz\u0119\u015bliwego \u017cycia potrzebuj\u0105 mi\u0142o\u015bci, opieki i zainteresowania. Potrzebuj\u0105 od rodzic\u00f3w i opiekun\u00f3w specjalnej troski. Wymaga to od rodzic\u00f3w wi\u0119cej czasu i pracy, a od nauczycieli wyj\u0105tkowych kompetencji pedagogicznych i predyspozycji zawodowych.<\/p>\n\n\n\n<ul><li><strong>Jak wygl\u0105da \u017cycie z zespo\u0142em Downa <\/strong><\/li><\/ul>\n\n\n\n<figure class=\"wp-block-embed is-type-rich is-provider-obsluga-osadzania wp-block-embed-obsluga-osadzania wp-embed-aspect-16-9 wp-has-aspect-ratio\"><div class=\"wp-block-embed__wrapper\">\n<iframe loading=\"lazy\" title=\"#zespolkolorowychskarpetek - Jak wygl\u0105da \u017cycie z zespo\u0142em Downa?\" width=\"500\" height=\"281\" src=\"https:\/\/www.youtube.com\/embed\/xmJsQPeq9-g?feature=oembed\" frameborder=\"0\" allow=\"accelerometer; autoplay; clipboard-write; encrypted-media; gyroscope; picture-in-picture\" allowfullscreen><\/iframe>\n<\/div><\/figure>\n\n\n\n<ul><li><strong>Poznajcie mnie<\/strong>&nbsp; <\/li><\/ul>\n\n\n\n<figure class=\"wp-block-embed is-type-rich is-provider-obsluga-osadzania wp-block-embed-obsluga-osadzania wp-embed-aspect-16-9 wp-has-aspect-ratio\"><div class=\"wp-block-embed__wrapper\">\n<iframe loading=\"lazy\" title=\"Poznajcie mnie!\" width=\"500\" height=\"281\" src=\"https:\/\/www.youtube.com\/embed\/aO1zGBKPX7I?feature=oembed\" frameborder=\"0\" allow=\"accelerometer; autoplay; clipboard-write; encrypted-media; gyroscope; picture-in-picture\" allowfullscreen><\/iframe>\n<\/div><\/figure>\n","protected":false},"excerpt":{"rendered":"<p>\u015awiatowy Dzie\u0144 Kolorowej Skarpetki. To \u015bwi\u0119to ludzi z Zespo\u0142em Downa 21 marca to pierwszy Dzie\u0144 Wiosny, ale nie tylko\u2026 to tak\u017ce od 2005 roku \u015awiatowy Dzie\u0144 Zespo\u0142u Downa. Pomys\u0142odawc\u0105 by\u0142 Stylianos E. Antonarakis \u2013 genetyk z uniwersytetu w Genewie. Wyb\u00f3r tego dnia to nie przypadek. To dzie\u0144 narodzin \u015bwiata przyrody po zimie, ale to r\u00f3wnie\u017c [&hellip;]<\/p>\n","protected":false},"author":14,"featured_media":0,"comment_status":"closed","ping_status":"closed","sticky":false,"template":"","format":"standard","meta":{"_mi_skip_tracking":false},"categories":[11,30],"tags":[],"_links":{"self":[{"href":"https:\/\/www.sp14.tychy.pl\/index.php?rest_route=\/wp\/v2\/posts\/10009"}],"collection":[{"href":"https:\/\/www.sp14.tychy.pl\/index.php?rest_route=\/wp\/v2\/posts"}],"about":[{"href":"https:\/\/www.sp14.tychy.pl\/index.php?rest_route=\/wp\/v2\/types\/post"}],"author":[{"embeddable":true,"href":"https:\/\/www.sp14.tychy.pl\/index.php?rest_route=\/wp\/v2\/users\/14"}],"replies":[{"embeddable":true,"href":"https:\/\/www.sp14.tychy.pl\/index.php?rest_route=%2Fwp%2Fv2%2Fcomments&post=10009"}],"version-history":[{"count":6,"href":"https:\/\/www.sp14.tychy.pl\/index.php?rest_route=\/wp\/v2\/posts\/10009\/revisions"}],"predecessor-version":[{"id":10097,"href":"https:\/\/www.sp14.tychy.pl\/index.php?rest_route=\/wp\/v2\/posts\/10009\/revisions\/10097"}],"wp:attachment":[{"href":"https:\/\/www.sp14.tychy.pl\/index.php?rest_route=%2Fwp%2Fv2%2Fmedia&parent=10009"}],"wp:term":[{"taxonomy":"category","embeddable":true,"href":"https:\/\/www.sp14.tychy.pl\/index.php?rest_route=%2Fwp%2Fv2%2Fcategories&post=10009"},{"taxonomy":"post_tag","embeddable":true,"href":"https:\/\/www.sp14.tychy.pl\/index.php?rest_route=%2Fwp%2Fv2%2Ftags&post=10009"}],"curies":[{"name":"wp","href":"https:\/\/api.w.org\/{rel}","templated":true}]}}