{"id":10651,"date":"2021-04-12T16:13:23","date_gmt":"2021-04-12T14:13:23","guid":{"rendered":"https:\/\/www.sp14.tychy.pl\/?p=10651"},"modified":"2021-04-13T19:05:18","modified_gmt":"2021-04-13T17:05:18","slug":"wwf-i-tomasz-samojlik","status":"publish","type":"post","link":"https:\/\/www.sp14.tychy.pl\/?p=10651","title":{"rendered":"WWF i Tomasz Samojlik"},"content":{"rendered":"\n<div class=\"wp-block-image\"><figure class=\"alignleft size-large is-resized\"><img decoding=\"async\" src=\"https:\/\/www.sp14.tychy.pl\/wp-content\/uploads\/2021\/04\/Kopia-Konkurs-kaligraficzny-16.png\" alt=\"\" class=\"wp-image-10652\" width=\"451\" srcset=\"https:\/\/www.sp14.tychy.pl\/wp-content\/uploads\/2021\/04\/Kopia-Konkurs-kaligraficzny-16.png 940w, https:\/\/www.sp14.tychy.pl\/wp-content\/uploads\/2021\/04\/Kopia-Konkurs-kaligraficzny-16-300x236.png 300w, https:\/\/www.sp14.tychy.pl\/wp-content\/uploads\/2021\/04\/Kopia-Konkurs-kaligraficzny-16-150x118.png 150w, https:\/\/www.sp14.tychy.pl\/wp-content\/uploads\/2021\/04\/Kopia-Konkurs-kaligraficzny-16-768x603.png 768w\" sizes=\"(max-width: 940px) 100vw, 940px\" \/><\/figure><\/div>\n\n\n\n<p class=\"has-medium-font-size\"><strong>Co powiecie na komiks?<\/strong> <\/p>\n\n\n\n<p>Pewnie ka\u017cdy z Was zetkn\u0105\u0142 si\u0119 ju\u017c z Fundacj\u0105 WWF. Tym, kt\u00f3rzy nie kojarz\u0105 przypominamy, \u017ce jest to organizacja pozarz\u0105dowa i ekologiczna o charakterze mi\u0119dzynarodowym, kt\u00f3ra powsta\u0142a w 1961 roku. Misj\u0105 WWF jest powstrzymanie degradacji \u015brodowiska naturalnego Ziemi i stworzenie przysz\u0142o\u015bci, w kt\u00f3rej ludzie b\u0119d\u0105 \u017cyli w harmonii z przyrod\u0105. <\/p>\n\n\n\n<p>Temat na dzi\u015b dotyczy <strong>WILKA<\/strong>. Histori\u0119 tych wyj\u0105tkowych zwierz\u0105t z zupe\u0142nie innej perspektywy pokaza\u0142 we wsp\u00f3\u0142pracy z WWF Polska tw\u00f3rca ksi\u0105\u017cek i komiks\u00f3w dla dzieci i m\u0142odzie\u017cy Tomasz Samojlik. Za autorem zach\u0119camy do kontaktu z przyrod\u0105 bez wychodzenia z domu.  Poni\u017cej komiks do pobrania. Mi\u0142ej lektury! <\/p>\n\n\n\n<!--more-->\n\n\n\n<p><\/p>\n\n\n\n<p><\/p>\n\n\n\n<p><\/p>\n\n\n\n<div class=\"is-layout-flex wp-block-buttons is-content-justification-center\">\n<div class=\"wp-block-button\"><a class=\"wp-block-button__link has-background\" href=\"https:\/\/www.wwf.pl\/sites\/default\/files\/inline-files\/SERCE_WILKA.pdf\" style=\"background-color:#922626\">        <strong>Serce wilka &#8211; Tomasz Samojlik<\/strong>         <\/a><\/div>\n<\/div>\n\n\n\n<p><\/p>\n\n\n\n<p>O wilku mo\u017cna te\u017c pos\u0142ucha\u0107 na kanale <strong><a href=\"https:\/\/www.wwf.pl\/aktualnosci\/o-wilku-mowa\">Naturalnie z WWF<\/a><\/strong>&nbsp;w&nbsp;podca\u015bcie pod tytu\u0142em <a href=\"https:\/\/open.spotify.com\/episode\/6T7NwrZas4s0Z9kTVWxfVs%C2%A0\"><strong>O wilku mowa<\/strong>.<\/a><\/p>\n\n\n\n<p><\/p>\n","protected":false},"excerpt":{"rendered":"<p>Co powiecie na komiks? Pewnie ka\u017cdy z Was zetkn\u0105\u0142 si\u0119 ju\u017c z Fundacj\u0105 WWF. Tym, kt\u00f3rzy nie kojarz\u0105 przypominamy, \u017ce jest to organizacja pozarz\u0105dowa i ekologiczna o charakterze mi\u0119dzynarodowym, kt\u00f3ra powsta\u0142a w 1961 roku. Misj\u0105 WWF jest powstrzymanie degradacji \u015brodowiska naturalnego Ziemi i stworzenie przysz\u0142o\u015bci, w kt\u00f3rej ludzie b\u0119d\u0105 \u017cyli w harmonii z przyrod\u0105. Temat [&hellip;]<\/p>\n","protected":false},"author":21,"featured_media":0,"comment_status":"closed","ping_status":"closed","sticky":false,"template":"","format":"standard","meta":{"_mi_skip_tracking":false},"categories":[28],"tags":[],"_links":{"self":[{"href":"https:\/\/www.sp14.tychy.pl\/index.php?rest_route=\/wp\/v2\/posts\/10651"}],"collection":[{"href":"https:\/\/www.sp14.tychy.pl\/index.php?rest_route=\/wp\/v2\/posts"}],"about":[{"href":"https:\/\/www.sp14.tychy.pl\/index.php?rest_route=\/wp\/v2\/types\/post"}],"author":[{"embeddable":true,"href":"https:\/\/www.sp14.tychy.pl\/index.php?rest_route=\/wp\/v2\/users\/21"}],"replies":[{"embeddable":true,"href":"https:\/\/www.sp14.tychy.pl\/index.php?rest_route=%2Fwp%2Fv2%2Fcomments&post=10651"}],"version-history":[{"count":8,"href":"https:\/\/www.sp14.tychy.pl\/index.php?rest_route=\/wp\/v2\/posts\/10651\/revisions"}],"predecessor-version":[{"id":10691,"href":"https:\/\/www.sp14.tychy.pl\/index.php?rest_route=\/wp\/v2\/posts\/10651\/revisions\/10691"}],"wp:attachment":[{"href":"https:\/\/www.sp14.tychy.pl\/index.php?rest_route=%2Fwp%2Fv2%2Fmedia&parent=10651"}],"wp:term":[{"taxonomy":"category","embeddable":true,"href":"https:\/\/www.sp14.tychy.pl\/index.php?rest_route=%2Fwp%2Fv2%2Fcategories&post=10651"},{"taxonomy":"post_tag","embeddable":true,"href":"https:\/\/www.sp14.tychy.pl\/index.php?rest_route=%2Fwp%2Fv2%2Ftags&post=10651"}],"curies":[{"name":"wp","href":"https:\/\/api.w.org\/{rel}","templated":true}]}}