{"id":10688,"date":"2021-04-23T07:00:00","date_gmt":"2021-04-23T05:00:00","guid":{"rendered":"https:\/\/www.sp14.tychy.pl\/?p=10688"},"modified":"2021-04-24T21:14:57","modified_gmt":"2021-04-24T19:14:57","slug":"10688","status":"publish","type":"post","link":"https:\/\/www.sp14.tychy.pl\/?p=10688","title":{"rendered":"\u015awi\u0119to ksi\u0105\u017cek!"},"content":{"rendered":"\n<div class=\"wp-block-image\"><figure class=\"alignleft size-large is-resized\"><img decoding=\"async\" src=\"https:\/\/www.sp14.tychy.pl\/wp-content\/uploads\/2021\/04\/okladki_M.png\" alt=\"\" class=\"wp-image-11095\" width=\"462\" srcset=\"https:\/\/www.sp14.tychy.pl\/wp-content\/uploads\/2021\/04\/okladki_M.png 752w, https:\/\/www.sp14.tychy.pl\/wp-content\/uploads\/2021\/04\/okladki_M-300x251.png 300w, https:\/\/www.sp14.tychy.pl\/wp-content\/uploads\/2021\/04\/okladki_M-150x126.png 150w\" sizes=\"(max-width: 752px) 100vw, 752px\" \/><\/figure><\/div>\n\n\n\n<p class=\"has-medium-font-size\"><strong>&#8222;<em>Czytaj\u0105c, nigdy nie b\u0119dziesz sam<\/em>&#8222;<\/strong>.<\/p>\n\n\n\n<p>Du\u017co si\u0119 dzieje w kwietniu! 2-go obchodzili\u015bmy \u015awiatowy Dzie\u0144 \u015awiadomo\u015bci Autyzmu, ale tego dnia przypada r\u00f3wnie\u017c <strong>Mi\u0119dzynarodowy Dzie\u0144 Ksi\u0105\u017cki Dla Dzieci<\/strong>. To \u015bwi\u0119to nieprzypadkowo obchodzone jest akurat wtedy. W ten dzie\u0144, w 1805 roku, urodzi\u0142 si\u0119 s\u0142ynny du\u0144ski ba\u015bniopisarz Hans Christian Andersen, autor takich klasyk\u00f3w jak \u201eBrzydkie kacz\u0105tko\u201d czy \u201eCalineczka\u201d. Z kolei 23 kwietnia obchodzony jest <strong>\u015awiatowy Dzie\u0144 Ksi\u0105\u017cki i Praw Autorskich<\/strong>&nbsp;cz\u0119sto nazywany Mi\u0119dzynarodowym Dniem Ksi\u0105\u017cki lub \u015awiatowym Dniem Ksi\u0105\u017cki.<\/p>\n\n\n\n<!--more-->\n\n\n\n<p>\u015awi\u0119to to obchodzone jest w celu promocji czytelnictwa, edytorstwa i ochrony w\u0142asno\u015bci intelektualnej za pomoc\u0105 praw autorskich. Narodzi\u0142o si\u0119 w Katalonii, a jego data 23 kwietnia jest symboliczna dla literatury \u015bwiatowej. W ten dzie\u0144 zmarli wybitni poeci Miguel de Cervantes, William Szekspir oraz Inca Garcilaso de la Vega.&nbsp;<\/p>\n\n\n\n<p>Z naj\u015bwie\u017cszych bada\u0144 przeprowadzonych przez Bibliotek\u0119 Narodow\u0105 wynika, ze stan poziomu czytelnictwa w Polsce nieznacznie si\u0119 poprawi\u0142. Nieznacznie, bo tylko o 3% w stosunku do poprzedniego roku, jednak do poziomu z pocz\u0105tku XXI wieku jeszcze daleko. <\/p>\n\n\n\n<div class=\"wp-block-image\"><figure class=\"aligncenter size-large is-resized\"><img decoding=\"async\" src=\"https:\/\/www.sp14.tychy.pl\/wp-content\/uploads\/2021\/04\/stan-czytelnictwa.jpg\" alt=\"\" class=\"wp-image-11151\" width=\"686\" srcset=\"https:\/\/www.sp14.tychy.pl\/wp-content\/uploads\/2021\/04\/stan-czytelnictwa.jpg 690w, https:\/\/www.sp14.tychy.pl\/wp-content\/uploads\/2021\/04\/stan-czytelnictwa-300x186.jpg 300w, https:\/\/www.sp14.tychy.pl\/wp-content\/uploads\/2021\/04\/stan-czytelnictwa-150x93.jpg 150w\" sizes=\"(max-width: 690px) 100vw, 690px\" \/><\/figure><\/div>\n\n\n\n<p>Pe\u0142ny <a href=\"https:\/\/bn.org.pl\/w-bibliotece\/4243-42%25---nieduzy-wzrost-poziomu-czytelnictwa-w-polsce.html\" target=\"_blank\" rel=\"noreferrer noopener\"><strong>raport stanu czytelnictwa w Polsce<\/strong><\/a><strong> <\/strong>dost\u0119pny jest na stronie Biblioteki Narodowej.<\/p>\n\n\n\n<p>Tego roku, z powodu epidemii musimy znosi\u0107 ograniczenia i skutki przymusowej izolacji. Ksi\u0105\u017cki nabieraj\u0105 szczeg\u00f3lnego znaczenia w naszym \u017cyciu, nie tylko dlatego, \u017ce mamy wi\u0119cej czasu na czytanie, ale tak\u017ce dlatego, \u017ce dobra literatura wzmacnia wi\u0119zi mi\u0119dzy lud\u017ami, otwiera umys\u0142y i pobudza kreatywno\u015b\u0107.&nbsp; Has\u0142em tegorocznych obchod\u00f3w jest: &#8222;Czytaj\u0105c, nigdy nie b\u0119dziesz sam&#8221;.<\/p>\n\n\n\n<p>O tym, \u017ce ksi\u0105\u017cki dostarczaj\u0105 wiedzy, rozwijaj\u0105 pami\u0119\u0107, wyobra\u017ani\u0119, ucz\u0105 kojarzenia fakt\u00f3w czy logicznego my\u015blenia, o tym, \u017ce nios\u0105 w sobie du\u017cy \u0142adunek emocjonalny i \u017ce warto je czyta\u0107 (!) napisano ju\u017c ca\u0142e mn\u00f3stwo publikacji. M\u00f3wi\u0105c kr\u00f3tko &#8211; <strong>czytajmy!<\/strong> <\/p>\n\n\n\n<p>Na pocz\u0105tek zapraszamy do obejrzenia kilku ciekawostek oraz zabaw o ksi\u0105\u017ckach:<\/p>\n\n\n\n<p><br><\/p>\n\n\n\n<div class=\"is-layout-flex wp-block-buttons is-content-justification-center\">\n<div class=\"wp-block-button has-custom-width wp-block-button__width-50 is-style-fill\"><a class=\"wp-block-button__link has-background\" href=\"https:\/\/www.sp14.tychy.pl\/?page_id=11012\" style=\"background-color:#0776b6\" target=\"_blank\" rel=\"noreferrer noopener\"><strong>DOBRA ZABAWA Z KSI\u0104\u017bKA<\/strong><\/a><\/div>\n<\/div>\n\n\n\n<p><br><\/p>\n\n\n\n<p>Korzystaj\u0105c z okazji takiego pi\u0119knego \u015bwi\u0119ta przekazujemy Pa\u0144stwu &#8211; rodzicom oraz uczniom &#8211; zestawienie odno\u015bnik\u00f3w do ksi\u0105\u017cek dla dzieci i m\u0142odzie\u017cy znanych autor\u00f3w. Ksi\u0105\u017cki czytaj\u0105 aktorzy, pracownicy wydawnictw lub sami tw\u00f3rcy. Cz\u0119sto s\u0105 to fragmenty ksi\u0105\u017cek, czasem ca\u0142e utwory. Od czego\u015b jednak trzeba zacz\u0105\u0107! \ud83d\ude42    <\/p>\n\n\n\n<p>Ksi\u0105\u017cki zosta\u0142y podzielone na grupy wiekowe. Podzia\u0142 nie jest doskona\u0142y, a dzieci starsze zach\u0119camy do s\u0142uchania\/czytania ksi\u0105\u017cek nawet dla m\u0142odszych, jednak dzi\u0119ki niemu \u0142atwiej b\u0119dzie odnajdywa\u0107 ciekawe dla siebie czytanki i ksi\u0105\u017cki. <\/p>\n\n\n\n<p>Bardzo serdecznie zapraszamy do korzystania! <strong>POS\u0141UCHAJCIE \ud83d\ude42<\/strong><\/p>\n\n\n\n<p><br><\/p>\n\n\n\n<div class=\"is-layout-flex wp-block-buttons\">\n<div class=\"wp-block-button is-style-fill\"><a class=\"wp-block-button__link has-background\" href=\"https:\/\/www.sp14.tychy.pl\/?page_id=11006\" style=\"background-color:#67bbef\" target=\"_blank\" rel=\"noreferrer noopener\"><strong>Ksi\u0105\u017cki dla dzieci 0+ <\/strong><\/a><\/div>\n\n\n\n<div class=\"wp-block-button\"><a class=\"wp-block-button__link has-background\" href=\"https:\/\/www.sp14.tychy.pl\/?page_id=11001\" style=\"background-color:#32a6ef\" target=\"_blank\" rel=\"noreferrer noopener\"><strong>Ksi\u0105\u017cki dla dzieci 6+<\/strong> <\/a><\/div>\n\n\n\n<div class=\"wp-block-button\"><a class=\"wp-block-button__link has-background\" href=\"https:\/\/www.sp14.tychy.pl\/?page_id=10991\" style=\"background-color:#057abe\" target=\"_blank\" rel=\"noreferrer noopener\"><strong>Ksi\u0105\u017cki dla dzieci 9+ <\/strong><\/a><\/div>\n\n\n\n<div class=\"wp-block-button\"><a class=\"wp-block-button__link has-background\" href=\"https:\/\/www.sp14.tychy.pl\/?page_id=10984\" style=\"background-color:#044970\" target=\"_blank\" rel=\"noreferrer noopener\"><strong>Ksi\u0105\u017cki dla dzieci 12+<\/strong><\/a><\/div>\n<\/div>\n\n\n\n<p><\/p>\n\n\n\n<p><a href=\"\"><\/a><\/p>\n","protected":false},"excerpt":{"rendered":"<p>&#8222;Czytaj\u0105c, nigdy nie b\u0119dziesz sam&#8222;. Du\u017co si\u0119 dzieje w kwietniu! 2-go obchodzili\u015bmy \u015awiatowy Dzie\u0144 \u015awiadomo\u015bci Autyzmu, ale tego dnia przypada r\u00f3wnie\u017c Mi\u0119dzynarodowy Dzie\u0144 Ksi\u0105\u017cki Dla Dzieci. To \u015bwi\u0119to nieprzypadkowo obchodzone jest akurat wtedy. W ten dzie\u0144, w 1805 roku, urodzi\u0142 si\u0119 s\u0142ynny du\u0144ski ba\u015bniopisarz Hans Christian Andersen, autor takich klasyk\u00f3w jak \u201eBrzydkie kacz\u0105tko\u201d czy \u201eCalineczka\u201d. [&hellip;]<\/p>\n","protected":false},"author":21,"featured_media":0,"comment_status":"closed","ping_status":"closed","sticky":false,"template":"","format":"standard","meta":{"_mi_skip_tracking":false},"categories":[31,11],"tags":[],"_links":{"self":[{"href":"https:\/\/www.sp14.tychy.pl\/index.php?rest_route=\/wp\/v2\/posts\/10688"}],"collection":[{"href":"https:\/\/www.sp14.tychy.pl\/index.php?rest_route=\/wp\/v2\/posts"}],"about":[{"href":"https:\/\/www.sp14.tychy.pl\/index.php?rest_route=\/wp\/v2\/types\/post"}],"author":[{"embeddable":true,"href":"https:\/\/www.sp14.tychy.pl\/index.php?rest_route=\/wp\/v2\/users\/21"}],"replies":[{"embeddable":true,"href":"https:\/\/www.sp14.tychy.pl\/index.php?rest_route=%2Fwp%2Fv2%2Fcomments&post=10688"}],"version-history":[{"count":61,"href":"https:\/\/www.sp14.tychy.pl\/index.php?rest_route=\/wp\/v2\/posts\/10688\/revisions"}],"predecessor-version":[{"id":11190,"href":"https:\/\/www.sp14.tychy.pl\/index.php?rest_route=\/wp\/v2\/posts\/10688\/revisions\/11190"}],"wp:attachment":[{"href":"https:\/\/www.sp14.tychy.pl\/index.php?rest_route=%2Fwp%2Fv2%2Fmedia&parent=10688"}],"wp:term":[{"taxonomy":"category","embeddable":true,"href":"https:\/\/www.sp14.tychy.pl\/index.php?rest_route=%2Fwp%2Fv2%2Fcategories&post=10688"},{"taxonomy":"post_tag","embeddable":true,"href":"https:\/\/www.sp14.tychy.pl\/index.php?rest_route=%2Fwp%2Fv2%2Ftags&post=10688"}],"curies":[{"name":"wp","href":"https:\/\/api.w.org\/{rel}","templated":true}]}}