{"id":15759,"date":"2022-08-26T15:22:32","date_gmt":"2022-08-26T13:22:32","guid":{"rendered":"https:\/\/www.sp14.tychy.pl\/?p=15759"},"modified":"2022-08-29T20:32:18","modified_gmt":"2022-08-29T18:32:18","slug":"rozpoczecie-roku-szkolnego-01-09-2022","status":"publish","type":"post","link":"https:\/\/www.sp14.tychy.pl\/?p=15759","title":{"rendered":"ROZPOCZ\u0118CIE ROKU SZKOLNEGO &#8211; 01.09.2022"},"content":{"rendered":"\n<div class=\"wp-block-image\"><figure class=\"alignleft size-large is-resized\"><img decoding=\"async\" loading=\"lazy\" src=\"https:\/\/www.sp14.tychy.pl\/wp-content\/uploads\/2022\/08\/Dodaj-podtytul-2-1024x692.png\" alt=\"\" class=\"wp-image-15769\" width=\"450\" height=\"303\" srcset=\"https:\/\/www.sp14.tychy.pl\/wp-content\/uploads\/2022\/08\/Dodaj-podtytul-2-1024x692.png 1024w, https:\/\/www.sp14.tychy.pl\/wp-content\/uploads\/2022\/08\/Dodaj-podtytul-2-300x203.png 300w, https:\/\/www.sp14.tychy.pl\/wp-content\/uploads\/2022\/08\/Dodaj-podtytul-2-150x101.png 150w, https:\/\/www.sp14.tychy.pl\/wp-content\/uploads\/2022\/08\/Dodaj-podtytul-2-768x519.png 768w, https:\/\/www.sp14.tychy.pl\/wp-content\/uploads\/2022\/08\/Dodaj-podtytul-2-1536x1038.png 1536w, https:\/\/www.sp14.tychy.pl\/wp-content\/uploads\/2022\/08\/Dodaj-podtytul-2.png 2000w\" sizes=\"(max-width: 450px) 100vw, 450px\" \/><\/figure><\/div>\n\n\n\n<p><\/p>\n\n\n\n<p><strong>Godz. 9.00 \u2013 klasy 2-8 <\/strong>\u2013 pocz\u0105tek na placu apelowym (przy \u0142adnej pogodzie), nast\u0119pnie spotkanie z wychowawc\u0105<br>w salach lekcyjnych:<\/p>\n\n\n\n<!--more-->\n\n\n\n<ul><li>2A \u2013 s. 10<\/li><li>2B \u2013 s. 3<\/li><li>2C \u2013 s. 26<\/li><li>3A \u2013 s. 8<\/li><li>3B \u2013 s. 5<\/li><li>3C \u2013 s. 24<\/li><li>4A \u2013 s. 21<\/li><li>4B \u2013 s. 19<\/li><li>4C \u2013 s. 17<\/li><li>5A \u2013 muzeum<\/li><li>5B \u2013 s. 14<\/li><li>6A \u2013 s. 18<\/li><li>6B \u2013 \u015bwietlica<\/li><li>7A \u2013 s. 20<\/li><li>7B \u2013 s. 22<\/li><li>8A \u2013 s. 13<\/li><li>8B \u2013 s. 12<\/li><li>8C \u2013 s. 25<\/li><\/ul>\n\n\n\n<p><strong>Godz. 10.00 \u2013 klasy 1 <\/strong>\u2013 pocz\u0105tek na sali gimnastycznej, nast\u0119pnie spotkanie z wychowawc\u0105 w salach lekcyjnych.<\/p>\n\n\n\n<p><strong>&nbsp;Obowi\u0105zuje uroczysty str\u00f3j szkolny.&nbsp;<\/strong><\/p>\n\n\n\n<p><\/p>\n","protected":false},"excerpt":{"rendered":"<p>Godz. 9.00 \u2013 klasy 2-8 \u2013 pocz\u0105tek na placu apelowym (przy \u0142adnej pogodzie), nast\u0119pnie spotkanie z wychowawc\u0105w salach lekcyjnych:<\/p>\n","protected":false},"author":1,"featured_media":0,"comment_status":"closed","ping_status":"closed","sticky":false,"template":"","format":"standard","meta":{"_mi_skip_tracking":false},"categories":[11],"tags":[],"_links":{"self":[{"href":"https:\/\/www.sp14.tychy.pl\/index.php?rest_route=\/wp\/v2\/posts\/15759"}],"collection":[{"href":"https:\/\/www.sp14.tychy.pl\/index.php?rest_route=\/wp\/v2\/posts"}],"about":[{"href":"https:\/\/www.sp14.tychy.pl\/index.php?rest_route=\/wp\/v2\/types\/post"}],"author":[{"embeddable":true,"href":"https:\/\/www.sp14.tychy.pl\/index.php?rest_route=\/wp\/v2\/users\/1"}],"replies":[{"embeddable":true,"href":"https:\/\/www.sp14.tychy.pl\/index.php?rest_route=%2Fwp%2Fv2%2Fcomments&post=15759"}],"version-history":[{"count":11,"href":"https:\/\/www.sp14.tychy.pl\/index.php?rest_route=\/wp\/v2\/posts\/15759\/revisions"}],"predecessor-version":[{"id":15781,"href":"https:\/\/www.sp14.tychy.pl\/index.php?rest_route=\/wp\/v2\/posts\/15759\/revisions\/15781"}],"wp:attachment":[{"href":"https:\/\/www.sp14.tychy.pl\/index.php?rest_route=%2Fwp%2Fv2%2Fmedia&parent=15759"}],"wp:term":[{"taxonomy":"category","embeddable":true,"href":"https:\/\/www.sp14.tychy.pl\/index.php?rest_route=%2Fwp%2Fv2%2Fcategories&post=15759"},{"taxonomy":"post_tag","embeddable":true,"href":"https:\/\/www.sp14.tychy.pl\/index.php?rest_route=%2Fwp%2Fv2%2Ftags&post=15759"}],"curies":[{"name":"wp","href":"https:\/\/api.w.org\/{rel}","templated":true}]}}