{"id":19007,"date":"2023-03-27T08:57:00","date_gmt":"2023-03-27T06:57:00","guid":{"rendered":"https:\/\/www.sp14.tychy.pl\/?p=19007"},"modified":"2023-03-27T12:02:24","modified_gmt":"2023-03-27T10:02:24","slug":"wiosenna-tesknota-elena-stec","status":"publish","type":"post","link":"https:\/\/www.sp14.tychy.pl\/?p=19007","title":{"rendered":"Wiosenna t\u0119sknota &#8211; Elena Stec"},"content":{"rendered":"<div class=\"wp-block-image\">\n<figure class=\"alignleft size-large is-resized\"><img decoding=\"async\" loading=\"lazy\" src=\"https:\/\/www.sp14.tychy.pl\/wp-content\/uploads\/2023\/03\/Dark-Gray-Minimalist-University-Life-Photo-Collage-1024x819.png\" alt=\"\" class=\"wp-image-19008\" width=\"468\" height=\"373\" srcset=\"https:\/\/www.sp14.tychy.pl\/wp-content\/uploads\/2023\/03\/Dark-Gray-Minimalist-University-Life-Photo-Collage-1024x819.png 1024w, https:\/\/www.sp14.tychy.pl\/wp-content\/uploads\/2023\/03\/Dark-Gray-Minimalist-University-Life-Photo-Collage-300x240.png 300w, https:\/\/www.sp14.tychy.pl\/wp-content\/uploads\/2023\/03\/Dark-Gray-Minimalist-University-Life-Photo-Collage-150x120.png 150w, https:\/\/www.sp14.tychy.pl\/wp-content\/uploads\/2023\/03\/Dark-Gray-Minimalist-University-Life-Photo-Collage-768x614.png 768w, https:\/\/www.sp14.tychy.pl\/wp-content\/uploads\/2023\/03\/Dark-Gray-Minimalist-University-Life-Photo-Collage-1536x1229.png 1536w, https:\/\/www.sp14.tychy.pl\/wp-content\/uploads\/2023\/03\/Dark-Gray-Minimalist-University-Life-Photo-Collage.png 1750w\" sizes=\"(max-width: 468px) 100vw, 468px\" \/><\/figure><\/div>\n\n\n<p><br><\/p>\n\n\n\n<p>&#8222;Wiosno, wiosno gdzie jeste\u015b?&#8221;<\/p>\n\n\n\n<p>Mi\u0142o nam poinformowa\u0107, \u017ce uczennica klasy 4c, Elena Stec zdoby\u0142a I miejsce w mi\u0119dzyszkolnym konkursie plastyczno-literackim na wiersz o wio\u015bnie! Brawo! Gratulujemy!<\/p>\n\n\n\n<p>Teraz wiosna nie ma wyj\u015bcia, musi zawita\u0107 u nas na sta\u0142e.<\/p>\n\n\n\n<p><br><br><br><br><\/p>\n\n\n\n<!--more-->\n\n\n\n<p><br><br><br><br><br><\/p>\n\n\n\n<figure class=\"is-layout-flex wp-block-gallery-1 wp-block-gallery has-nested-images columns-default is-cropped\">\n<figure class=\"wp-block-image size-large\"><img decoding=\"async\" loading=\"lazy\" width=\"768\" height=\"1024\" data-id=\"19016\"  src=\"https:\/\/www.sp14.tychy.pl\/wp-content\/uploads\/2023\/03\/336584292_1348475846007604_5010801675147150804_n-1-768x1024.jpg\" alt=\"\" class=\"wp-image-19016\" srcset=\"https:\/\/www.sp14.tychy.pl\/wp-content\/uploads\/2023\/03\/336584292_1348475846007604_5010801675147150804_n-1-768x1024.jpg 768w, https:\/\/www.sp14.tychy.pl\/wp-content\/uploads\/2023\/03\/336584292_1348475846007604_5010801675147150804_n-1-225x300.jpg 225w, https:\/\/www.sp14.tychy.pl\/wp-content\/uploads\/2023\/03\/336584292_1348475846007604_5010801675147150804_n-1-113x150.jpg 113w, https:\/\/www.sp14.tychy.pl\/wp-content\/uploads\/2023\/03\/336584292_1348475846007604_5010801675147150804_n-1-1152x1536.jpg 1152w, https:\/\/www.sp14.tychy.pl\/wp-content\/uploads\/2023\/03\/336584292_1348475846007604_5010801675147150804_n-1.jpg 1536w\" sizes=\"(max-width: 768px) 100vw, 768px\" \/><\/figure>\n\n\n\n<figure class=\"wp-block-image size-large\"><img decoding=\"async\" loading=\"lazy\" width=\"768\" height=\"1024\" data-id=\"19017\"  src=\"https:\/\/www.sp14.tychy.pl\/wp-content\/uploads\/2023\/03\/336343780_926584738377820_5947673330090194647_n-768x1024.jpg\" alt=\"\" class=\"wp-image-19017\" srcset=\"https:\/\/www.sp14.tychy.pl\/wp-content\/uploads\/2023\/03\/336343780_926584738377820_5947673330090194647_n-768x1024.jpg 768w, https:\/\/www.sp14.tychy.pl\/wp-content\/uploads\/2023\/03\/336343780_926584738377820_5947673330090194647_n-225x300.jpg 225w, https:\/\/www.sp14.tychy.pl\/wp-content\/uploads\/2023\/03\/336343780_926584738377820_5947673330090194647_n-113x150.jpg 113w, https:\/\/www.sp14.tychy.pl\/wp-content\/uploads\/2023\/03\/336343780_926584738377820_5947673330090194647_n-1152x1536.jpg 1152w, https:\/\/www.sp14.tychy.pl\/wp-content\/uploads\/2023\/03\/336343780_926584738377820_5947673330090194647_n.jpg 1536w\" sizes=\"(max-width: 768px) 100vw, 768px\" \/><\/figure>\n<\/figure>\n","protected":false},"excerpt":{"rendered":"<p>&#8222;Wiosno, wiosno gdzie jeste\u015b?&#8221; Mi\u0142o nam poinformowa\u0107, \u017ce uczennica klasy 4c, Elena Stec zdoby\u0142a I miejsce w mi\u0119dzyszkolnym konkursie plastyczno-literackim na wiersz o wio\u015bnie! Brawo! Gratulujemy! Teraz wiosna nie ma wyj\u015bcia, musi zawita\u0107 u nas na sta\u0142e.<\/p>\n","protected":false},"author":21,"featured_media":0,"comment_status":"closed","ping_status":"closed","sticky":false,"template":"","format":"standard","meta":{"_mi_skip_tracking":false},"categories":[11],"tags":[],"_links":{"self":[{"href":"https:\/\/www.sp14.tychy.pl\/index.php?rest_route=\/wp\/v2\/posts\/19007"}],"collection":[{"href":"https:\/\/www.sp14.tychy.pl\/index.php?rest_route=\/wp\/v2\/posts"}],"about":[{"href":"https:\/\/www.sp14.tychy.pl\/index.php?rest_route=\/wp\/v2\/types\/post"}],"author":[{"embeddable":true,"href":"https:\/\/www.sp14.tychy.pl\/index.php?rest_route=\/wp\/v2\/users\/21"}],"replies":[{"embeddable":true,"href":"https:\/\/www.sp14.tychy.pl\/index.php?rest_route=%2Fwp%2Fv2%2Fcomments&post=19007"}],"version-history":[{"count":8,"href":"https:\/\/www.sp14.tychy.pl\/index.php?rest_route=\/wp\/v2\/posts\/19007\/revisions"}],"predecessor-version":[{"id":19020,"href":"https:\/\/www.sp14.tychy.pl\/index.php?rest_route=\/wp\/v2\/posts\/19007\/revisions\/19020"}],"wp:attachment":[{"href":"https:\/\/www.sp14.tychy.pl\/index.php?rest_route=%2Fwp%2Fv2%2Fmedia&parent=19007"}],"wp:term":[{"taxonomy":"category","embeddable":true,"href":"https:\/\/www.sp14.tychy.pl\/index.php?rest_route=%2Fwp%2Fv2%2Fcategories&post=19007"},{"taxonomy":"post_tag","embeddable":true,"href":"https:\/\/www.sp14.tychy.pl\/index.php?rest_route=%2Fwp%2Fv2%2Ftags&post=19007"}],"curies":[{"name":"wp","href":"https:\/\/api.w.org\/{rel}","templated":true}]}}