{"id":19540,"date":"2023-04-24T18:40:32","date_gmt":"2023-04-24T16:40:32","guid":{"rendered":"https:\/\/www.sp14.tychy.pl\/?p=19540"},"modified":"2023-04-24T18:50:09","modified_gmt":"2023-04-24T16:50:09","slug":"szkolny-konkurs-recytatorski-2","status":"publish","type":"post","link":"https:\/\/www.sp14.tychy.pl\/?p=19540","title":{"rendered":"Szkolny konkurs recytatorski"},"content":{"rendered":"<div class=\"wp-block-image\">\n<figure class=\"alignleft size-large is-resized\"><img decoding=\"async\" loading=\"lazy\" src=\"https:\/\/www.sp14.tychy.pl\/wp-content\/uploads\/2023\/04\/WhatsApp-Image-2023-04-24-at-13.26.37-1024x768.jpeg\" alt=\"\" class=\"wp-image-19541\" width=\"442\" height=\"332\" srcset=\"https:\/\/www.sp14.tychy.pl\/wp-content\/uploads\/2023\/04\/WhatsApp-Image-2023-04-24-at-13.26.37-1024x768.jpeg 1024w, https:\/\/www.sp14.tychy.pl\/wp-content\/uploads\/2023\/04\/WhatsApp-Image-2023-04-24-at-13.26.37-300x225.jpeg 300w, https:\/\/www.sp14.tychy.pl\/wp-content\/uploads\/2023\/04\/WhatsApp-Image-2023-04-24-at-13.26.37-150x113.jpeg 150w, https:\/\/www.sp14.tychy.pl\/wp-content\/uploads\/2023\/04\/WhatsApp-Image-2023-04-24-at-13.26.37-768x576.jpeg 768w, https:\/\/www.sp14.tychy.pl\/wp-content\/uploads\/2023\/04\/WhatsApp-Image-2023-04-24-at-13.26.37-1536x1152.jpeg 1536w, https:\/\/www.sp14.tychy.pl\/wp-content\/uploads\/2023\/04\/WhatsApp-Image-2023-04-24-at-13.26.37.jpeg 2048w\" sizes=\"(max-width: 442px) 100vw, 442px\" \/><\/figure><\/div>\n\n\n<p>Dnia 18 kwietnia br. w naszej szkole odby\u0142 si\u0119 szkolny konkurs recytatorski dla klas I-III pt. &#8222;W rodzinnym kr\u0119gu&#8221;. Ka\u017cda klasa drog\u0105 wewn\u0119trznych eliminacji wybra\u0142a 2 uczni\u00f3w, kt\u00f3rzy reprezentowali klas\u0119 w etapie szkolnym. Uczestnicy konkursu pi\u0119knie recytowali wiersze. Byli oceniani przez komisj\u0119 konkursow\u0105 w sk\u0142adzie: p. Ma\u0142gorzata Che\u0142chowska &#8211; dyrektor szko\u0142y, p. Anna Kowal i p. Katarzyna Niemiec.<\/p>\n\n\n\n<p>Oto prezentacja wynik\u00f3w:<br>Klasy I<br>I miejsce &#8211; Michalina (kl. Ia)<br>II miejsce &#8211; Piotr (kl. Ib)<br>III miejsce &#8211; Nina (kl. Ic)<br>Wyr\u00f3\u017cnienie &#8211; Artur (kl. Ia), Jagoda (kl. Ib), Agata (kl. Ic)<\/p>\n\n\n\n<p>Klasy II<br>I miejsce &#8211; Gaja (kl. IIc)<br>II miejsce &#8211; Jan (kl. IIa)<br>III miejsce &#8211; Zofia (kl. IIa)<br>Wyr\u00f3\u017cnienie &#8211; Natalia (kl. IIb), R\u00f3\u017ca (kl. IIb), Jan (kl. IIc)<\/p>\n\n\n\n<p>Klasa III<br>I miejsce &#8211; Natalia (kl. IIIb)<br>II miejsce &#8211; Antonina (kl. IIIc)<br>III miejsce &#8211; Maciej (kl. IIIb)<br>Wyr\u00f3\u017cnienie &#8211; Filip (kl. IIIa), Filip (kl. IIIa), Oliwia (kl. IIIc)<\/p>\n\n\n\n<p>Serdecznie gratulujemy wszystkim uczniom, kt\u00f3rzy wzi\u0119li udzia\u0142 w konkursie. Zdobywcy pierwszych miejsc b\u0119d\u0105 reprezentowali nasz\u0105 szko\u0142\u0119 w Mi\u0119dzyszkolnym Konkursie Recytatorskim organizowanym przez Szko\u0142\u0119 Podstawow\u0105 nr 18 im. W\u0142adys\u0142awa Jagie\u0142\u0142y w Tychach.<\/p>\n\n\n\n<figure class=\"is-layout-flex wp-block-gallery-1 wp-block-gallery has-nested-images columns-default is-cropped\">\n<figure class=\"wp-block-image size-large\"><img decoding=\"async\" loading=\"lazy\" width=\"1024\" height=\"768\" data-id=\"19542\"  src=\"https:\/\/www.sp14.tychy.pl\/wp-content\/uploads\/2023\/04\/WhatsApp-Image-2023-04-24-at-13.26.25-1024x768.jpeg\" alt=\"\" class=\"wp-image-19542\" srcset=\"https:\/\/www.sp14.tychy.pl\/wp-content\/uploads\/2023\/04\/WhatsApp-Image-2023-04-24-at-13.26.25-1024x768.jpeg 1024w, https:\/\/www.sp14.tychy.pl\/wp-content\/uploads\/2023\/04\/WhatsApp-Image-2023-04-24-at-13.26.25-300x225.jpeg 300w, https:\/\/www.sp14.tychy.pl\/wp-content\/uploads\/2023\/04\/WhatsApp-Image-2023-04-24-at-13.26.25-150x113.jpeg 150w, https:\/\/www.sp14.tychy.pl\/wp-content\/uploads\/2023\/04\/WhatsApp-Image-2023-04-24-at-13.26.25-768x576.jpeg 768w, https:\/\/www.sp14.tychy.pl\/wp-content\/uploads\/2023\/04\/WhatsApp-Image-2023-04-24-at-13.26.25-1536x1152.jpeg 1536w, https:\/\/www.sp14.tychy.pl\/wp-content\/uploads\/2023\/04\/WhatsApp-Image-2023-04-24-at-13.26.25.jpeg 2048w\" sizes=\"(max-width: 1024px) 100vw, 1024px\" \/><\/figure>\n\n\n\n<figure class=\"wp-block-image size-large\"><img decoding=\"async\" loading=\"lazy\" width=\"1024\" height=\"768\" data-id=\"19543\"  src=\"https:\/\/www.sp14.tychy.pl\/wp-content\/uploads\/2023\/04\/WhatsApp-Image-2023-04-24-at-13.26.16-1024x768.jpeg\" alt=\"\" class=\"wp-image-19543\" srcset=\"https:\/\/www.sp14.tychy.pl\/wp-content\/uploads\/2023\/04\/WhatsApp-Image-2023-04-24-at-13.26.16-1024x768.jpeg 1024w, https:\/\/www.sp14.tychy.pl\/wp-content\/uploads\/2023\/04\/WhatsApp-Image-2023-04-24-at-13.26.16-300x225.jpeg 300w, https:\/\/www.sp14.tychy.pl\/wp-content\/uploads\/2023\/04\/WhatsApp-Image-2023-04-24-at-13.26.16-150x113.jpeg 150w, https:\/\/www.sp14.tychy.pl\/wp-content\/uploads\/2023\/04\/WhatsApp-Image-2023-04-24-at-13.26.16-768x576.jpeg 768w, https:\/\/www.sp14.tychy.pl\/wp-content\/uploads\/2023\/04\/WhatsApp-Image-2023-04-24-at-13.26.16-1536x1152.jpeg 1536w, https:\/\/www.sp14.tychy.pl\/wp-content\/uploads\/2023\/04\/WhatsApp-Image-2023-04-24-at-13.26.16.jpeg 2048w\" sizes=\"(max-width: 1024px) 100vw, 1024px\" \/><\/figure>\n<\/figure>\n","protected":false},"excerpt":{"rendered":"<p>Dnia 18 kwietnia br. w naszej szkole odby\u0142 si\u0119 szkolny konkurs recytatorski dla klas I-III pt. &#8222;W rodzinnym kr\u0119gu&#8221;. Ka\u017cda klasa drog\u0105 wewn\u0119trznych eliminacji wybra\u0142a 2 uczni\u00f3w, kt\u00f3rzy reprezentowali klas\u0119 w etapie szkolnym. Uczestnicy konkursu pi\u0119knie recytowali wiersze. Byli oceniani przez komisj\u0119 konkursow\u0105 w sk\u0142adzie: p. Ma\u0142gorzata Che\u0142chowska &#8211; dyrektor szko\u0142y, p. Anna Kowal i [&hellip;]<\/p>\n","protected":false},"author":21,"featured_media":0,"comment_status":"closed","ping_status":"closed","sticky":false,"template":"","format":"standard","meta":{"_mi_skip_tracking":false},"categories":[11],"tags":[],"_links":{"self":[{"href":"https:\/\/www.sp14.tychy.pl\/index.php?rest_route=\/wp\/v2\/posts\/19540"}],"collection":[{"href":"https:\/\/www.sp14.tychy.pl\/index.php?rest_route=\/wp\/v2\/posts"}],"about":[{"href":"https:\/\/www.sp14.tychy.pl\/index.php?rest_route=\/wp\/v2\/types\/post"}],"author":[{"embeddable":true,"href":"https:\/\/www.sp14.tychy.pl\/index.php?rest_route=\/wp\/v2\/users\/21"}],"replies":[{"embeddable":true,"href":"https:\/\/www.sp14.tychy.pl\/index.php?rest_route=%2Fwp%2Fv2%2Fcomments&post=19540"}],"version-history":[{"count":5,"href":"https:\/\/www.sp14.tychy.pl\/index.php?rest_route=\/wp\/v2\/posts\/19540\/revisions"}],"predecessor-version":[{"id":19549,"href":"https:\/\/www.sp14.tychy.pl\/index.php?rest_route=\/wp\/v2\/posts\/19540\/revisions\/19549"}],"wp:attachment":[{"href":"https:\/\/www.sp14.tychy.pl\/index.php?rest_route=%2Fwp%2Fv2%2Fmedia&parent=19540"}],"wp:term":[{"taxonomy":"category","embeddable":true,"href":"https:\/\/www.sp14.tychy.pl\/index.php?rest_route=%2Fwp%2Fv2%2Fcategories&post=19540"},{"taxonomy":"post_tag","embeddable":true,"href":"https:\/\/www.sp14.tychy.pl\/index.php?rest_route=%2Fwp%2Fv2%2Ftags&post=19540"}],"curies":[{"name":"wp","href":"https:\/\/api.w.org\/{rel}","templated":true}]}}