{"id":19756,"date":"2023-05-08T09:41:05","date_gmt":"2023-05-08T07:41:05","guid":{"rendered":"https:\/\/www.sp14.tychy.pl\/?p=19756"},"modified":"2023-05-08T09:43:17","modified_gmt":"2023-05-08T07:43:17","slug":"nowe-horyzonty-edukacji-filmowej","status":"publish","type":"post","link":"https:\/\/www.sp14.tychy.pl\/?p=19756","title":{"rendered":"Nowe Horyzonty Edukacji Filmowej z klas\u0105 6b"},"content":{"rendered":"<div class=\"wp-block-image\">\n<figure class=\"alignleft size-large is-resized\"><img decoding=\"async\" loading=\"lazy\" src=\"https:\/\/www.sp14.tychy.pl\/wp-content\/uploads\/2023\/05\/nhef-22-23-1024x576.png\" alt=\"\" class=\"wp-image-19759\" width=\"442\" height=\"249\" srcset=\"https:\/\/www.sp14.tychy.pl\/wp-content\/uploads\/2023\/05\/nhef-22-23-1024x576.png 1024w, https:\/\/www.sp14.tychy.pl\/wp-content\/uploads\/2023\/05\/nhef-22-23-300x169.png 300w, https:\/\/www.sp14.tychy.pl\/wp-content\/uploads\/2023\/05\/nhef-22-23-150x84.png 150w, https:\/\/www.sp14.tychy.pl\/wp-content\/uploads\/2023\/05\/nhef-22-23-768x432.png 768w, https:\/\/www.sp14.tychy.pl\/wp-content\/uploads\/2023\/05\/nhef-22-23-1536x864.png 1536w, https:\/\/www.sp14.tychy.pl\/wp-content\/uploads\/2023\/05\/nhef-22-23.png 1920w\" sizes=\"(max-width: 442px) 100vw, 442px\" \/><\/figure><\/div>\n\n\n<p>W bie\u017c\u0105cym roku szkolnym 2022\/ 2023, pocz\u0105wszy od pa\u017adziernika do kwietnia, klasa 6b uczestniczy\u0142a w og\u00f3lnopolskim projekcie Nowe Horyzonty Edukacji Filmowej realizowanym w\u00a0kinie studyjnym \u201e\u015awiatowid\u201d w Katowicach. Projekt ten zosta\u0142 wyr\u00f3\u017cniony nagrod\u0105 Polskiego Instytutu Sztuki Filmowej, a jego g\u0142ownym celem by\u0142o zach\u0119canie do szerszego spojrzenia na\u00a0kino, rozwijanie wra\u017cliwo\u015bci oraz\u00a0przygotowanie m\u0142odych widz\u00f3w do\u00a0samodzielnego i\u00a0\u015bwiadomego obcowania z kultur\u0105.<\/p>\n\n\n\n<p>W ramach cyklu \u201eM\u0142odzi w obiektywie\u201d nastolatkowie obejrzeli kilka wsp\u00f3\u0142czesnych film\u00f3w fabularnych i dokumentalnych, wys\u0142uchali prelekcji, a nast\u0119pnie&nbsp;prowadzili tematyczne dyskusje na lekcjach wychowawczych. Organizatorzy zapropnowali filmy, kt\u00f3re porusza\u0142y tematy bliskie m\u0142odym odbiorcom jak: poszukiwanie w\u0142asnej drogi i akceptacji, pr\u00f3ba odnalezienia si\u0119 w grupie, istota budowania relacji, stosunek do&nbsp;uniwersalnych \u017cyciowych warto\u015bci czy&nbsp;pod\u0105\u017canie za&nbsp;marzeniami. Dzi\u0119ki wsp\u00f3\u0142prze\u017cywaniu filmowych historii wraz z&nbsp;ich nastoletnimi bohaterami, a&nbsp;tak\u017ce poprzez podj\u0119cie dialogu m\u0142odzi uczyli si\u0119 empatii i&nbsp;podmiotowego traktowania cz\u0142owieka, poprzez co mogli do\u015bwiadczy\u0107 emocjonalnego wparcia grupy w&nbsp;rozwi\u0105zywaniu problem\u00f3w towarzysz\u0105cych dojrzewaniu i tym samym bardziej \u015bwiadomie oraz odpowiedzialnie kszta\u0142towa\u0107 w\u0142asne postawy.<\/p>\n\n\n\n<p>M\u0142odzie\u017c bardzo ch\u0119tnie uczestniczy\u0142a w cyklicznych projekcjach filmowych i z otwarto\u015bci\u0105 przyjmowa\u0142a proponowane tematy do dyskusji. Na zako\u0144czenie dzia\u0142a\u0144 w projekcie wszyscy otrzymali indywidualne podzi\u0119kowania w postaci dyplom\u00f3w.<\/p>\n\n\n\n<figure class=\"is-layout-flex wp-block-gallery-1 wp-block-gallery has-nested-images columns-default is-cropped\">\n<figure class=\"wp-block-image size-large\"><img decoding=\"async\" loading=\"lazy\" width=\"768\" height=\"1024\" data-id=\"19757\"  src=\"https:\/\/www.sp14.tychy.pl\/wp-content\/uploads\/2023\/05\/IMG_3796-768x1024.jpg\" alt=\"\" class=\"wp-image-19757\" srcset=\"https:\/\/www.sp14.tychy.pl\/wp-content\/uploads\/2023\/05\/IMG_3796-768x1024.jpg 768w, https:\/\/www.sp14.tychy.pl\/wp-content\/uploads\/2023\/05\/IMG_3796-225x300.jpg 225w, https:\/\/www.sp14.tychy.pl\/wp-content\/uploads\/2023\/05\/IMG_3796-113x150.jpg 113w, https:\/\/www.sp14.tychy.pl\/wp-content\/uploads\/2023\/05\/IMG_3796-1152x1536.jpg 1152w, https:\/\/www.sp14.tychy.pl\/wp-content\/uploads\/2023\/05\/IMG_3796.jpg 1500w\" sizes=\"(max-width: 768px) 100vw, 768px\" \/><\/figure>\n\n\n\n<figure class=\"wp-block-image size-large\"><img decoding=\"async\" loading=\"lazy\" width=\"1024\" height=\"768\" data-id=\"19758\"  src=\"https:\/\/www.sp14.tychy.pl\/wp-content\/uploads\/2023\/05\/IMG_3794-1024x768.jpg\" alt=\"\" class=\"wp-image-19758\" srcset=\"https:\/\/www.sp14.tychy.pl\/wp-content\/uploads\/2023\/05\/IMG_3794-1024x768.jpg 1024w, https:\/\/www.sp14.tychy.pl\/wp-content\/uploads\/2023\/05\/IMG_3794-300x225.jpg 300w, https:\/\/www.sp14.tychy.pl\/wp-content\/uploads\/2023\/05\/IMG_3794-150x113.jpg 150w, https:\/\/www.sp14.tychy.pl\/wp-content\/uploads\/2023\/05\/IMG_3794-768x576.jpg 768w, https:\/\/www.sp14.tychy.pl\/wp-content\/uploads\/2023\/05\/IMG_3794-1536x1152.jpg 1536w, https:\/\/www.sp14.tychy.pl\/wp-content\/uploads\/2023\/05\/IMG_3794.jpg 2000w\" sizes=\"(max-width: 1024px) 100vw, 1024px\" \/><\/figure>\n<\/figure>\n","protected":false},"excerpt":{"rendered":"<p>W bie\u017c\u0105cym roku szkolnym 2022\/ 2023, pocz\u0105wszy od pa\u017adziernika do kwietnia, klasa 6b uczestniczy\u0142a w og\u00f3lnopolskim projekcie Nowe Horyzonty Edukacji Filmowej realizowanym w\u00a0kinie studyjnym \u201e\u015awiatowid\u201d w Katowicach. Projekt ten zosta\u0142 wyr\u00f3\u017cniony nagrod\u0105 Polskiego Instytutu Sztuki Filmowej, a jego g\u0142ownym celem by\u0142o zach\u0119canie do szerszego spojrzenia na\u00a0kino, rozwijanie wra\u017cliwo\u015bci oraz\u00a0przygotowanie m\u0142odych widz\u00f3w do\u00a0samodzielnego i\u00a0\u015bwiadomego obcowania z [&hellip;]<\/p>\n","protected":false},"author":21,"featured_media":0,"comment_status":"closed","ping_status":"closed","sticky":false,"template":"","format":"standard","meta":{"_mi_skip_tracking":false},"categories":[11],"tags":[],"_links":{"self":[{"href":"https:\/\/www.sp14.tychy.pl\/index.php?rest_route=\/wp\/v2\/posts\/19756"}],"collection":[{"href":"https:\/\/www.sp14.tychy.pl\/index.php?rest_route=\/wp\/v2\/posts"}],"about":[{"href":"https:\/\/www.sp14.tychy.pl\/index.php?rest_route=\/wp\/v2\/types\/post"}],"author":[{"embeddable":true,"href":"https:\/\/www.sp14.tychy.pl\/index.php?rest_route=\/wp\/v2\/users\/21"}],"replies":[{"embeddable":true,"href":"https:\/\/www.sp14.tychy.pl\/index.php?rest_route=%2Fwp%2Fv2%2Fcomments&post=19756"}],"version-history":[{"count":4,"href":"https:\/\/www.sp14.tychy.pl\/index.php?rest_route=\/wp\/v2\/posts\/19756\/revisions"}],"predecessor-version":[{"id":19763,"href":"https:\/\/www.sp14.tychy.pl\/index.php?rest_route=\/wp\/v2\/posts\/19756\/revisions\/19763"}],"wp:attachment":[{"href":"https:\/\/www.sp14.tychy.pl\/index.php?rest_route=%2Fwp%2Fv2%2Fmedia&parent=19756"}],"wp:term":[{"taxonomy":"category","embeddable":true,"href":"https:\/\/www.sp14.tychy.pl\/index.php?rest_route=%2Fwp%2Fv2%2Fcategories&post=19756"},{"taxonomy":"post_tag","embeddable":true,"href":"https:\/\/www.sp14.tychy.pl\/index.php?rest_route=%2Fwp%2Fv2%2Ftags&post=19756"}],"curies":[{"name":"wp","href":"https:\/\/api.w.org\/{rel}","templated":true}]}}