{"id":19907,"date":"2023-05-22T11:38:32","date_gmt":"2023-05-22T09:38:32","guid":{"rendered":"https:\/\/www.sp14.tychy.pl\/?p=19907"},"modified":"2023-05-25T19:52:39","modified_gmt":"2023-05-25T17:52:39","slug":"najlepsi-z-sp-14-na-gali-laureatow","status":"publish","type":"post","link":"https:\/\/www.sp14.tychy.pl\/?p=19907","title":{"rendered":"Najlepsi z SP 14 na Gali Laureat\u00f3w"},"content":{"rendered":"<div class=\"wp-block-image\">\n<figure class=\"alignleft size-large is-resized\"><img decoding=\"async\" loading=\"lazy\" src=\"https:\/\/www.sp14.tychy.pl\/wp-content\/uploads\/2023\/05\/WhatsApp-Image-2023-05-19-at-13.51.51-1024x702.jpeg\" alt=\"\" class=\"wp-image-19908\" width=\"445\" height=\"304\" srcset=\"https:\/\/www.sp14.tychy.pl\/wp-content\/uploads\/2023\/05\/WhatsApp-Image-2023-05-19-at-13.51.51-1024x702.jpeg 1024w, https:\/\/www.sp14.tychy.pl\/wp-content\/uploads\/2023\/05\/WhatsApp-Image-2023-05-19-at-13.51.51-300x206.jpeg 300w, https:\/\/www.sp14.tychy.pl\/wp-content\/uploads\/2023\/05\/WhatsApp-Image-2023-05-19-at-13.51.51-150x103.jpeg 150w, https:\/\/www.sp14.tychy.pl\/wp-content\/uploads\/2023\/05\/WhatsApp-Image-2023-05-19-at-13.51.51-768x526.jpeg 768w, https:\/\/www.sp14.tychy.pl\/wp-content\/uploads\/2023\/05\/WhatsApp-Image-2023-05-19-at-13.51.51.jpeg 1121w\" sizes=\"(max-width: 445px) 100vw, 445px\" \/><\/figure><\/div>\n\n\n<p><br><\/p>\n\n\n\n<p>16 maja, we wtorek, w VIII Liceum Og\u00f3lnokszta\u0142c\u0105cym z Oddzia\u0142ami Dwuj\u0119zycznymi w Katowicach mia\u0142a miejsce Gala Laureat\u00f3w Wojew\u00f3dzkich Konkurs\u00f3w Przedmiotowych Szk\u00f3\u0142 Podstawowych, podczas kt\u00f3rej Wicekurator O\u015bwiaty wr\u0119czy\u0142 naszym laureatom za\u015bwiadczenia potwierdzaj\u0105ce uzyskanie tytu\u0142u.<\/p>\n\n\n\n<p>W tym roku tytu\u0142 laureata zdoby\u0142o\u00a0<strong>a\u017c trzech naszych uczni\u00f3w<\/strong>\u00a0&#8211; Michalina Domider (matematyka), Filip Jachym (j\u0119zyk polski) oraz Oscar Rostek (j\u0119zyk hiszpa\u0144ski). Do tego wymieni\u0107 nale\u017cy\u00a0<strong>troje<\/strong>\u00a0<strong>finalist\u00f3w<\/strong>\u00a0&#8211; ponownie Michalin\u0119 Domider (j\u0119zyk polski) i Filipa Jachyma (matematyka), a tak\u017ce Wojciecha Po\u015bpiecha (j\u0119zyk niemiecki).<\/p>\n\n\n\n<p>Serdecznie gratulujemy naszym laureatom, finalistom i ich rodzicom, a tak\u017ce nauczycielom, przygotowuj\u0105cym uczni\u00f3w do konkurs\u00f3w.<\/p>\n\n\n\n<figure class=\"is-layout-flex wp-block-gallery-1 wp-block-gallery has-nested-images columns-default is-cropped\">\n<figure class=\"wp-block-image size-large\"><img decoding=\"async\" loading=\"lazy\" width=\"768\" height=\"1024\" data-id=\"19912\"  src=\"https:\/\/www.sp14.tychy.pl\/wp-content\/uploads\/2023\/05\/WhatsApp-Image-2023-05-19-at-13.50.04-768x1024.jpeg\" alt=\"\" class=\"wp-image-19912\" srcset=\"https:\/\/www.sp14.tychy.pl\/wp-content\/uploads\/2023\/05\/WhatsApp-Image-2023-05-19-at-13.50.04-768x1024.jpeg 768w, https:\/\/www.sp14.tychy.pl\/wp-content\/uploads\/2023\/05\/WhatsApp-Image-2023-05-19-at-13.50.04-225x300.jpeg 225w, https:\/\/www.sp14.tychy.pl\/wp-content\/uploads\/2023\/05\/WhatsApp-Image-2023-05-19-at-13.50.04-113x150.jpeg 113w, https:\/\/www.sp14.tychy.pl\/wp-content\/uploads\/2023\/05\/WhatsApp-Image-2023-05-19-at-13.50.04-1152x1536.jpeg 1152w, https:\/\/www.sp14.tychy.pl\/wp-content\/uploads\/2023\/05\/WhatsApp-Image-2023-05-19-at-13.50.04.jpeg 1368w\" sizes=\"(max-width: 768px) 100vw, 768px\" \/><\/figure>\n\n\n\n<figure class=\"wp-block-image size-large\"><img decoding=\"async\" loading=\"lazy\" width=\"1024\" height=\"576\" data-id=\"19910\"  src=\"https:\/\/www.sp14.tychy.pl\/wp-content\/uploads\/2023\/05\/WhatsApp-Image-2023-05-19-at-13.00.54-1-1024x576.jpeg\" alt=\"\" class=\"wp-image-19910\" srcset=\"https:\/\/www.sp14.tychy.pl\/wp-content\/uploads\/2023\/05\/WhatsApp-Image-2023-05-19-at-13.00.54-1-1024x576.jpeg 1024w, https:\/\/www.sp14.tychy.pl\/wp-content\/uploads\/2023\/05\/WhatsApp-Image-2023-05-19-at-13.00.54-1-300x169.jpeg 300w, https:\/\/www.sp14.tychy.pl\/wp-content\/uploads\/2023\/05\/WhatsApp-Image-2023-05-19-at-13.00.54-1-150x84.jpeg 150w, https:\/\/www.sp14.tychy.pl\/wp-content\/uploads\/2023\/05\/WhatsApp-Image-2023-05-19-at-13.00.54-1-768x432.jpeg 768w, https:\/\/www.sp14.tychy.pl\/wp-content\/uploads\/2023\/05\/WhatsApp-Image-2023-05-19-at-13.00.54-1.jpeg 1416w\" sizes=\"(max-width: 1024px) 100vw, 1024px\" \/><\/figure>\n\n\n\n<figure class=\"wp-block-image size-large\"><img decoding=\"async\" loading=\"lazy\" width=\"1024\" height=\"576\" data-id=\"19909\"  src=\"https:\/\/www.sp14.tychy.pl\/wp-content\/uploads\/2023\/05\/WhatsApp-Image-2023-05-19-at-13.00.54-1024x576.jpeg\" alt=\"\" class=\"wp-image-19909\" srcset=\"https:\/\/www.sp14.tychy.pl\/wp-content\/uploads\/2023\/05\/WhatsApp-Image-2023-05-19-at-13.00.54-1024x576.jpeg 1024w, https:\/\/www.sp14.tychy.pl\/wp-content\/uploads\/2023\/05\/WhatsApp-Image-2023-05-19-at-13.00.54-300x169.jpeg 300w, https:\/\/www.sp14.tychy.pl\/wp-content\/uploads\/2023\/05\/WhatsApp-Image-2023-05-19-at-13.00.54-150x84.jpeg 150w, https:\/\/www.sp14.tychy.pl\/wp-content\/uploads\/2023\/05\/WhatsApp-Image-2023-05-19-at-13.00.54-768x432.jpeg 768w, https:\/\/www.sp14.tychy.pl\/wp-content\/uploads\/2023\/05\/WhatsApp-Image-2023-05-19-at-13.00.54.jpeg 1416w\" sizes=\"(max-width: 1024px) 100vw, 1024px\" \/><\/figure>\n\n\n\n<figure class=\"wp-block-image size-large\"><img decoding=\"async\" loading=\"lazy\" width=\"768\" height=\"1024\" data-id=\"19911\"  src=\"https:\/\/www.sp14.tychy.pl\/wp-content\/uploads\/2023\/05\/WhatsApp-Image-2023-05-19-at-13.00.50-1-768x1024.jpeg\" alt=\"\" class=\"wp-image-19911\" srcset=\"https:\/\/www.sp14.tychy.pl\/wp-content\/uploads\/2023\/05\/WhatsApp-Image-2023-05-19-at-13.00.50-1-768x1024.jpeg 768w, https:\/\/www.sp14.tychy.pl\/wp-content\/uploads\/2023\/05\/WhatsApp-Image-2023-05-19-at-13.00.50-1-225x300.jpeg 225w, https:\/\/www.sp14.tychy.pl\/wp-content\/uploads\/2023\/05\/WhatsApp-Image-2023-05-19-at-13.00.50-1-113x150.jpeg 113w, https:\/\/www.sp14.tychy.pl\/wp-content\/uploads\/2023\/05\/WhatsApp-Image-2023-05-19-at-13.00.50-1-1152x1536.jpeg 1152w, https:\/\/www.sp14.tychy.pl\/wp-content\/uploads\/2023\/05\/WhatsApp-Image-2023-05-19-at-13.00.50-1.jpeg 1536w\" sizes=\"(max-width: 768px) 100vw, 768px\" \/><\/figure>\n<\/figure>\n","protected":false},"excerpt":{"rendered":"<p>16 maja, we wtorek, w VIII Liceum Og\u00f3lnokszta\u0142c\u0105cym z Oddzia\u0142ami Dwuj\u0119zycznymi w Katowicach mia\u0142a miejsce Gala Laureat\u00f3w Wojew\u00f3dzkich Konkurs\u00f3w Przedmiotowych Szk\u00f3\u0142 Podstawowych, podczas kt\u00f3rej Wicekurator O\u015bwiaty wr\u0119czy\u0142 naszym laureatom za\u015bwiadczenia potwierdzaj\u0105ce uzyskanie tytu\u0142u. W tym roku tytu\u0142 laureata zdoby\u0142o\u00a0a\u017c trzech naszych uczni\u00f3w\u00a0&#8211; Michalina Domider (matematyka), Filip Jachym (j\u0119zyk polski) oraz Oscar Rostek (j\u0119zyk hiszpa\u0144ski). Do [&hellip;]<\/p>\n","protected":false},"author":21,"featured_media":0,"comment_status":"closed","ping_status":"closed","sticky":false,"template":"","format":"standard","meta":{"_mi_skip_tracking":false},"categories":[11],"tags":[],"_links":{"self":[{"href":"https:\/\/www.sp14.tychy.pl\/index.php?rest_route=\/wp\/v2\/posts\/19907"}],"collection":[{"href":"https:\/\/www.sp14.tychy.pl\/index.php?rest_route=\/wp\/v2\/posts"}],"about":[{"href":"https:\/\/www.sp14.tychy.pl\/index.php?rest_route=\/wp\/v2\/types\/post"}],"author":[{"embeddable":true,"href":"https:\/\/www.sp14.tychy.pl\/index.php?rest_route=\/wp\/v2\/users\/21"}],"replies":[{"embeddable":true,"href":"https:\/\/www.sp14.tychy.pl\/index.php?rest_route=%2Fwp%2Fv2%2Fcomments&post=19907"}],"version-history":[{"count":2,"href":"https:\/\/www.sp14.tychy.pl\/index.php?rest_route=\/wp\/v2\/posts\/19907\/revisions"}],"predecessor-version":[{"id":19921,"href":"https:\/\/www.sp14.tychy.pl\/index.php?rest_route=\/wp\/v2\/posts\/19907\/revisions\/19921"}],"wp:attachment":[{"href":"https:\/\/www.sp14.tychy.pl\/index.php?rest_route=%2Fwp%2Fv2%2Fmedia&parent=19907"}],"wp:term":[{"taxonomy":"category","embeddable":true,"href":"https:\/\/www.sp14.tychy.pl\/index.php?rest_route=%2Fwp%2Fv2%2Fcategories&post=19907"},{"taxonomy":"post_tag","embeddable":true,"href":"https:\/\/www.sp14.tychy.pl\/index.php?rest_route=%2Fwp%2Fv2%2Ftags&post=19907"}],"curies":[{"name":"wp","href":"https:\/\/api.w.org\/{rel}","templated":true}]}}