{"id":2115,"date":"2018-03-28T10:45:32","date_gmt":"2018-03-28T08:45:32","guid":{"rendered":"http:\/\/www.sp14.tychy.pl\/?p=2115"},"modified":"2018-03-28T10:51:28","modified_gmt":"2018-03-28T08:51:28","slug":"sukcesy-naszych-mlodych-telentow","status":"publish","type":"post","link":"https:\/\/www.sp14.tychy.pl\/?p=2115","title":{"rendered":"Sukcesy naszych m\u0142odych talent\u00f3w"},"content":{"rendered":"<p><img decoding=\"async\" loading=\"lazy\" class=\"alignleft size-medium wp-image-2119\" style=\"border: 10px solid #FFFFFF;\" src=\"http:\/\/www.sp14.tychy.pl\/wp-content\/uploads\/2018\/03\/CAM00414-300x225.jpg\" alt=\"\" width=\"300\" height=\"225\" srcset=\"https:\/\/www.sp14.tychy.pl\/wp-content\/uploads\/2018\/03\/CAM00414-300x225.jpg 300w, https:\/\/www.sp14.tychy.pl\/wp-content\/uploads\/2018\/03\/CAM00414-768x576.jpg 768w, https:\/\/www.sp14.tychy.pl\/wp-content\/uploads\/2018\/03\/CAM00414-1024x768.jpg 1024w\" sizes=\"(max-width: 300px) 100vw, 300px\" \/><\/p>\n<p style=\"text-align: justify;\">\u00a0 \u00a0 \u00a0W dniu 16 marca 2018 r. w M\u0142odzie\u017cowym Domu Kultury nr 2 w Tychach odby\u0142o si\u0119 podsumowanie <strong>XXI Regionalnego Konkursu Plastycznego Muzyka i Obraz<\/strong>. Uroczysto\u015b\u0107 by\u0142a zwie\u0144czeniem kilkugodzinnej pracy i zaanga\u017cowania uczestnik\u00f3w. Konkurs polega bowiem na wykonaniu pracy inspirowanej wybranym utworem muzycznym, kt\u00f3ry towarzyszy\u0142 m\u0142odym artystom podczas malowania i rysowania pobudzaj\u0105c tym samym ich wyobra\u017ani\u0119 do dzia\u0142ania. W tym roku uczestnicy mierzyli si\u0119 z nast\u0119puj\u0105cymi utworami:<br \/>\n&#8211; Completorium (Grzegorz Gerwazy Gorczycki)<br \/>\n&#8211; Ma\u0142a suita (Witold Lutos\u0142awski)<br \/>\n&#8211; Polymorphia (Krzysztof Penderecki)<br \/>\n\u00a0 \u00a0 \u00a0Nasza szk\u0142a reprezentowa\u0142a by\u0142a przez <strong>Zuzi\u0119 Strehlau i Ani\u0119 Krawczyk,<\/strong> kt\u00f3re zdoby\u0142y <strong>wyr\u00f3\u017cnienia<\/strong>. Dziewczynom serdecznie gratulujemy i \u017cyczymy dalszych sukces\u00f3w na polu artystycznym!!!<\/p>\n\n\t\t<style type=\"text\/css\">\n\t\t\t#gallery-1 {\n\t\t\t\tmargin: auto;\n\t\t\t}\n\t\t\t#gallery-1 .gallery-item {\n\t\t\t\tfloat: left;\n\t\t\t\tmargin-top: 10px;\n\t\t\t\ttext-align: center;\n\t\t\t\twidth: 33%;\n\t\t\t}\n\t\t\t#gallery-1 img {\n\t\t\t\tborder: 2px solid #cfcfcf;\n\t\t\t}\n\t\t\t#gallery-1 .gallery-caption {\n\t\t\t\tmargin-left: 0;\n\t\t\t}\n\t\t\t\/* see gallery_shortcode() in wp-includes\/media.php *\/\n\t\t<\/style>\n\t\t<div id='gallery-1' class='gallery galleryid-2115 gallery-columns-3 gallery-size-thumbnail'><dl class='gallery-item'>\n\t\t\t<dt class='gallery-icon landscape'>\n\t\t\t\t<a href='https:\/\/www.sp14.tychy.pl\/?attachment_id=2121'><img width=\"150\" height=\"150\" src=\"https:\/\/www.sp14.tychy.pl\/wp-content\/uploads\/2018\/03\/CAM00419-2-150x150.jpg\" class=\"attachment-thumbnail size-thumbnail\" alt=\"\" decoding=\"async\" loading=\"lazy\" \/><\/a>\n\t\t\t<\/dt><\/dl><dl class='gallery-item'>\n\t\t\t<dt class='gallery-icon portrait'>\n\t\t\t\t<a href='https:\/\/www.sp14.tychy.pl\/?attachment_id=2120'><img width=\"150\" height=\"150\" src=\"https:\/\/www.sp14.tychy.pl\/wp-content\/uploads\/2018\/03\/CAM00418-150x150.jpg\" class=\"attachment-thumbnail size-thumbnail\" alt=\"\" decoding=\"async\" loading=\"lazy\" \/><\/a>\n\t\t\t<\/dt><\/dl><dl class='gallery-item'>\n\t\t\t<dt class='gallery-icon landscape'>\n\t\t\t\t<a href='https:\/\/www.sp14.tychy.pl\/?attachment_id=2119'><img width=\"150\" height=\"150\" src=\"https:\/\/www.sp14.tychy.pl\/wp-content\/uploads\/2018\/03\/CAM00414-150x150.jpg\" class=\"attachment-thumbnail size-thumbnail\" alt=\"\" decoding=\"async\" loading=\"lazy\" \/><\/a>\n\t\t\t<\/dt><\/dl><br style=\"clear: both\" \/><dl class='gallery-item'>\n\t\t\t<dt class='gallery-icon landscape'>\n\t\t\t\t<a href='https:\/\/www.sp14.tychy.pl\/?attachment_id=2118'><img width=\"150\" height=\"150\" src=\"https:\/\/www.sp14.tychy.pl\/wp-content\/uploads\/2018\/03\/CAM00405-150x150.jpg\" class=\"attachment-thumbnail size-thumbnail\" alt=\"\" decoding=\"async\" loading=\"lazy\" \/><\/a>\n\t\t\t<\/dt><\/dl>\n\t\t\t<br style='clear: both' \/>\n\t\t<\/div>\n\n","protected":false},"excerpt":{"rendered":"<p>\u00a0 \u00a0 \u00a0W dniu 16 marca 2018 r. w M\u0142odzie\u017cowym Domu Kultury nr 2 w Tychach odby\u0142o si\u0119 podsumowanie XXI Regionalnego Konkursu Plastycznego Muzyka i Obraz. Uroczysto\u015b\u0107 by\u0142a zwie\u0144czeniem kilkugodzinnej pracy i zaanga\u017cowania uczestnik\u00f3w. Konkurs polega bowiem na wykonaniu pracy inspirowanej wybranym utworem muzycznym, kt\u00f3ry towarzyszy\u0142 m\u0142odym artystom podczas malowania i rysowania pobudzaj\u0105c tym samym [&hellip;]<\/p>\n","protected":false},"author":1,"featured_media":0,"comment_status":"closed","ping_status":"closed","sticky":false,"template":"","format":"standard","meta":{"_mi_skip_tracking":false},"categories":[1],"tags":[],"_links":{"self":[{"href":"https:\/\/www.sp14.tychy.pl\/index.php?rest_route=\/wp\/v2\/posts\/2115"}],"collection":[{"href":"https:\/\/www.sp14.tychy.pl\/index.php?rest_route=\/wp\/v2\/posts"}],"about":[{"href":"https:\/\/www.sp14.tychy.pl\/index.php?rest_route=\/wp\/v2\/types\/post"}],"author":[{"embeddable":true,"href":"https:\/\/www.sp14.tychy.pl\/index.php?rest_route=\/wp\/v2\/users\/1"}],"replies":[{"embeddable":true,"href":"https:\/\/www.sp14.tychy.pl\/index.php?rest_route=%2Fwp%2Fv2%2Fcomments&post=2115"}],"version-history":[{"count":9,"href":"https:\/\/www.sp14.tychy.pl\/index.php?rest_route=\/wp\/v2\/posts\/2115\/revisions"}],"predecessor-version":[{"id":2128,"href":"https:\/\/www.sp14.tychy.pl\/index.php?rest_route=\/wp\/v2\/posts\/2115\/revisions\/2128"}],"wp:attachment":[{"href":"https:\/\/www.sp14.tychy.pl\/index.php?rest_route=%2Fwp%2Fv2%2Fmedia&parent=2115"}],"wp:term":[{"taxonomy":"category","embeddable":true,"href":"https:\/\/www.sp14.tychy.pl\/index.php?rest_route=%2Fwp%2Fv2%2Fcategories&post=2115"},{"taxonomy":"post_tag","embeddable":true,"href":"https:\/\/www.sp14.tychy.pl\/index.php?rest_route=%2Fwp%2Fv2%2Ftags&post=2115"}],"curies":[{"name":"wp","href":"https:\/\/api.w.org\/{rel}","templated":true}]}}