{"id":2160,"date":"2018-03-27T14:02:15","date_gmt":"2018-03-27T12:02:15","guid":{"rendered":"http:\/\/www.sp14.tychy.pl\/?p=2160"},"modified":"2018-03-30T14:08:38","modified_gmt":"2018-03-30T12:08:38","slug":"wf-i-klas-z-mlodymi-wilkami","status":"publish","type":"post","link":"https:\/\/www.sp14.tychy.pl\/?p=2160","title":{"rendered":"WF I klas z M\u0142odymi Wilkami"},"content":{"rendered":"<p>Od jakiego\u015b czasu w\u00a0\u00a0tyskim sporcie dzieci\u0119cym pojawi\u0142y si\u0119 M\u0142ode Wilki Fundacji MultiIntegra. M\u0142ode Wilki GKS Tychy to projekt maj\u0105cy na celu zapewnienie ka\u017cdemu dziecku w pe\u0142ni profesjonalnej drogi szkoleniowej w pi\u0142ce no\u017cnej. 27.03. przedstawiciele M\u0142odych Wilk\u00f3w zawitali r\u00f3wnie\u017c w progach naszej szko\u0142y. Dzieci\u00a0\u00a0klas I mia\u0142y okazj\u0119 wzi\u0119cia udzia\u0142u w zaj\u0119ciach sportowych oraz podziwiania niezwyk\u0142ych wyczyn\u00f3w zaproszonego specjalnie na t\u0119 okazj\u0119 freestylowca.<\/p>\n<p>Zabawie i grze towarzyszy\u0142y ogromne emocje, dlatego b\u0119dziemy niecierpliwie wyczekiwa\u0107 kolejnych odwiedzin.<\/p>\n\n\t\t<style type=\"text\/css\">\n\t\t\t#gallery-1 {\n\t\t\t\tmargin: auto;\n\t\t\t}\n\t\t\t#gallery-1 .gallery-item {\n\t\t\t\tfloat: left;\n\t\t\t\tmargin-top: 10px;\n\t\t\t\ttext-align: center;\n\t\t\t\twidth: 33%;\n\t\t\t}\n\t\t\t#gallery-1 img {\n\t\t\t\tborder: 2px solid #cfcfcf;\n\t\t\t}\n\t\t\t#gallery-1 .gallery-caption {\n\t\t\t\tmargin-left: 0;\n\t\t\t}\n\t\t\t\/* see gallery_shortcode() in wp-includes\/media.php *\/\n\t\t<\/style>\n\t\t<div id='gallery-1' class='gallery galleryid-2160 gallery-columns-3 gallery-size-thumbnail'><dl class='gallery-item'>\n\t\t\t<dt class='gallery-icon landscape'>\n\t\t\t\t<a href='https:\/\/www.sp14.tychy.pl\/?attachment_id=2158'><img width=\"150\" height=\"150\" src=\"https:\/\/www.sp14.tychy.pl\/wp-content\/uploads\/2018\/03\/IMG_6583-150x150.jpeg\" class=\"attachment-thumbnail size-thumbnail\" alt=\"\" decoding=\"async\" loading=\"lazy\" \/><\/a>\n\t\t\t<\/dt><\/dl><dl class='gallery-item'>\n\t\t\t<dt class='gallery-icon landscape'>\n\t\t\t\t<a href='https:\/\/www.sp14.tychy.pl\/?attachment_id=2161'><img width=\"150\" height=\"150\" src=\"https:\/\/www.sp14.tychy.pl\/wp-content\/uploads\/2018\/03\/IMG_6580-150x150.jpeg\" class=\"attachment-thumbnail size-thumbnail\" alt=\"\" decoding=\"async\" loading=\"lazy\" \/><\/a>\n\t\t\t<\/dt><\/dl><dl class='gallery-item'>\n\t\t\t<dt class='gallery-icon landscape'>\n\t\t\t\t<a href='https:\/\/www.sp14.tychy.pl\/?attachment_id=2162'><img width=\"150\" height=\"150\" src=\"https:\/\/www.sp14.tychy.pl\/wp-content\/uploads\/2018\/03\/IMG_6573-150x150.jpeg\" class=\"attachment-thumbnail size-thumbnail\" alt=\"\" decoding=\"async\" loading=\"lazy\" \/><\/a>\n\t\t\t<\/dt><\/dl><br style=\"clear: both\" \/><dl class='gallery-item'>\n\t\t\t<dt class='gallery-icon landscape'>\n\t\t\t\t<a href='https:\/\/www.sp14.tychy.pl\/?attachment_id=2159'><img width=\"150\" height=\"150\" src=\"https:\/\/www.sp14.tychy.pl\/wp-content\/uploads\/2018\/03\/IMG_6581-1-150x150.jpeg\" class=\"attachment-thumbnail size-thumbnail\" alt=\"\" decoding=\"async\" loading=\"lazy\" \/><\/a>\n\t\t\t<\/dt><\/dl>\n\t\t\t<br style='clear: both' \/>\n\t\t<\/div>\n\n<p>&nbsp;<\/p>\n","protected":false},"excerpt":{"rendered":"<p>Od jakiego\u015b czasu w\u00a0\u00a0tyskim sporcie dzieci\u0119cym pojawi\u0142y si\u0119 M\u0142ode Wilki Fundacji MultiIntegra. M\u0142ode Wilki GKS Tychy to projekt maj\u0105cy na celu zapewnienie ka\u017cdemu dziecku w pe\u0142ni profesjonalnej drogi szkoleniowej w pi\u0142ce no\u017cnej. 27.03. przedstawiciele M\u0142odych Wilk\u00f3w zawitali r\u00f3wnie\u017c w progach naszej szko\u0142y. Dzieci\u00a0\u00a0klas I mia\u0142y okazj\u0119 wzi\u0119cia udzia\u0142u w zaj\u0119ciach sportowych oraz podziwiania niezwyk\u0142ych wyczyn\u00f3w [&hellip;]<\/p>\n","protected":false},"author":10,"featured_media":2162,"comment_status":"closed","ping_status":"closed","sticky":false,"template":"","format":"standard","meta":{"_mi_skip_tracking":false},"categories":[1],"tags":[],"_links":{"self":[{"href":"https:\/\/www.sp14.tychy.pl\/index.php?rest_route=\/wp\/v2\/posts\/2160"}],"collection":[{"href":"https:\/\/www.sp14.tychy.pl\/index.php?rest_route=\/wp\/v2\/posts"}],"about":[{"href":"https:\/\/www.sp14.tychy.pl\/index.php?rest_route=\/wp\/v2\/types\/post"}],"author":[{"embeddable":true,"href":"https:\/\/www.sp14.tychy.pl\/index.php?rest_route=\/wp\/v2\/users\/10"}],"replies":[{"embeddable":true,"href":"https:\/\/www.sp14.tychy.pl\/index.php?rest_route=%2Fwp%2Fv2%2Fcomments&post=2160"}],"version-history":[{"count":1,"href":"https:\/\/www.sp14.tychy.pl\/index.php?rest_route=\/wp\/v2\/posts\/2160\/revisions"}],"predecessor-version":[{"id":2163,"href":"https:\/\/www.sp14.tychy.pl\/index.php?rest_route=\/wp\/v2\/posts\/2160\/revisions\/2163"}],"wp:featuredmedia":[{"embeddable":true,"href":"https:\/\/www.sp14.tychy.pl\/index.php?rest_route=\/wp\/v2\/media\/2162"}],"wp:attachment":[{"href":"https:\/\/www.sp14.tychy.pl\/index.php?rest_route=%2Fwp%2Fv2%2Fmedia&parent=2160"}],"wp:term":[{"taxonomy":"category","embeddable":true,"href":"https:\/\/www.sp14.tychy.pl\/index.php?rest_route=%2Fwp%2Fv2%2Fcategories&post=2160"},{"taxonomy":"post_tag","embeddable":true,"href":"https:\/\/www.sp14.tychy.pl\/index.php?rest_route=%2Fwp%2Fv2%2Ftags&post=2160"}],"curies":[{"name":"wp","href":"https:\/\/api.w.org\/{rel}","templated":true}]}}