{"id":22199,"date":"2023-10-15T12:01:00","date_gmt":"2023-10-15T10:01:00","guid":{"rendered":"https:\/\/www.sp14.tychy.pl\/?p=22199"},"modified":"2024-01-17T08:22:10","modified_gmt":"2024-01-17T07:22:10","slug":"zajecia-dodatkowe-z-druku-3d","status":"publish","type":"post","link":"https:\/\/www.sp14.tychy.pl\/?p=22199","title":{"rendered":"Zaj\u0119cia dodatkowe z druku 3d"},"content":{"rendered":"<div class=\"wp-block-image\">\n<figure class=\"alignleft size-large is-resized\"><img decoding=\"async\" loading=\"lazy\" src=\"https:\/\/www.sp14.tychy.pl\/wp-content\/uploads\/2024\/01\/417058473_748199423894159_4379745245736262061_n-1024x768.jpg\" alt=\"\" class=\"wp-image-22223\" width=\"441\" height=\"330\" srcset=\"https:\/\/www.sp14.tychy.pl\/wp-content\/uploads\/2024\/01\/417058473_748199423894159_4379745245736262061_n-1024x768.jpg 1024w, https:\/\/www.sp14.tychy.pl\/wp-content\/uploads\/2024\/01\/417058473_748199423894159_4379745245736262061_n-300x225.jpg 300w, https:\/\/www.sp14.tychy.pl\/wp-content\/uploads\/2024\/01\/417058473_748199423894159_4379745245736262061_n-150x113.jpg 150w, https:\/\/www.sp14.tychy.pl\/wp-content\/uploads\/2024\/01\/417058473_748199423894159_4379745245736262061_n-768x576.jpg 768w, https:\/\/www.sp14.tychy.pl\/wp-content\/uploads\/2024\/01\/417058473_748199423894159_4379745245736262061_n-1536x1152.jpg 1536w, https:\/\/www.sp14.tychy.pl\/wp-content\/uploads\/2024\/01\/417058473_748199423894159_4379745245736262061_n.jpg 2016w\" sizes=\"(max-width: 441px) 100vw, 441px\" \/><\/figure><\/div>\n\n\n<p><br><\/p>\n\n\n\n<p>W nowym roku szkolnym 2023\/2024 w naszej ponownie ruszy\u0142y zaj\u0119cia z element\u00f3w projektowania i druku 3d. <\/p>\n\n\n\n<p>W zwi\u0105zku z du\u017cym zainteresowaniem uczniowie zostali podzieleni na grupy. <br>W pierwszej kolejno\u015bci uczymy si\u0119 obs\u0142ugi programu, wykonujemy pierwsze projekty. Docelowo chcemy przygotowa\u0107 bombki \u015bwi\u0105teczne, kt\u00f3re b\u0119dzie mo\u017cna zobaczy\u0107 i kupi\u0107 podczas kiermaszu \u015bwi\u0105tecznego.<\/p>\n\n\n\n<p>Drukark\u0119 3D, na kt\u00f3rej drukujemy projekty uczni\u00f3w zakupiono w ramach&nbsp;<a href=\"https:\/\/www.gov.pl\/web\/laboratoria\/o-programie2\">Laboratorium Przysz\u0142o\u015bci<\/a>&nbsp;\u2013 inicjatywie edukacyjnej realizowanej przez Ministerstwo Edukacji i Nauki we wsp\u00f3\u0142pracy z Centrum GovTech w Kancelarii Prezesa Rady Ministr\u00f3w.  <\/p>\n\n\n\n<!--more-->\n\n\n\n<p><br><br><\/p>\n\n\n\n<figure class=\"is-layout-flex wp-block-gallery-1 wp-block-gallery has-nested-images columns-default is-cropped\">\n<figure class=\"wp-block-image size-large\"><img decoding=\"async\" loading=\"lazy\" width=\"768\" height=\"1024\" data-id=\"22231\"  src=\"https:\/\/www.sp14.tychy.pl\/wp-content\/uploads\/2024\/01\/417254446_335378739400598_3389617400740248820_n-768x1024.jpg\" alt=\"\" class=\"wp-image-22231\" srcset=\"https:\/\/www.sp14.tychy.pl\/wp-content\/uploads\/2024\/01\/417254446_335378739400598_3389617400740248820_n-768x1024.jpg 768w, https:\/\/www.sp14.tychy.pl\/wp-content\/uploads\/2024\/01\/417254446_335378739400598_3389617400740248820_n-225x300.jpg 225w, https:\/\/www.sp14.tychy.pl\/wp-content\/uploads\/2024\/01\/417254446_335378739400598_3389617400740248820_n-113x150.jpg 113w, https:\/\/www.sp14.tychy.pl\/wp-content\/uploads\/2024\/01\/417254446_335378739400598_3389617400740248820_n-1152x1536.jpg 1152w, https:\/\/www.sp14.tychy.pl\/wp-content\/uploads\/2024\/01\/417254446_335378739400598_3389617400740248820_n.jpg 1512w\" sizes=\"(max-width: 768px) 100vw, 768px\" \/><\/figure>\n<\/figure>\n","protected":false},"excerpt":{"rendered":"<p>W nowym roku szkolnym 2023\/2024 w naszej ponownie ruszy\u0142y zaj\u0119cia z element\u00f3w projektowania i druku 3d. W zwi\u0105zku z du\u017cym zainteresowaniem uczniowie zostali podzieleni na grupy. W pierwszej kolejno\u015bci uczymy si\u0119 obs\u0142ugi programu, wykonujemy pierwsze projekty. Docelowo chcemy przygotowa\u0107 bombki \u015bwi\u0105teczne, kt\u00f3re b\u0119dzie mo\u017cna zobaczy\u0107 i kupi\u0107 podczas kiermaszu \u015bwi\u0105tecznego. Drukark\u0119 3D, na kt\u00f3rej drukujemy [&hellip;]<\/p>\n","protected":false},"author":21,"featured_media":0,"comment_status":"closed","ping_status":"closed","sticky":false,"template":"","format":"standard","meta":{"_mi_skip_tracking":false},"categories":[33,11],"tags":[],"_links":{"self":[{"href":"https:\/\/www.sp14.tychy.pl\/index.php?rest_route=\/wp\/v2\/posts\/22199"}],"collection":[{"href":"https:\/\/www.sp14.tychy.pl\/index.php?rest_route=\/wp\/v2\/posts"}],"about":[{"href":"https:\/\/www.sp14.tychy.pl\/index.php?rest_route=\/wp\/v2\/types\/post"}],"author":[{"embeddable":true,"href":"https:\/\/www.sp14.tychy.pl\/index.php?rest_route=\/wp\/v2\/users\/21"}],"replies":[{"embeddable":true,"href":"https:\/\/www.sp14.tychy.pl\/index.php?rest_route=%2Fwp%2Fv2%2Fcomments&post=22199"}],"version-history":[{"count":10,"href":"https:\/\/www.sp14.tychy.pl\/index.php?rest_route=\/wp\/v2\/posts\/22199\/revisions"}],"predecessor-version":[{"id":22261,"href":"https:\/\/www.sp14.tychy.pl\/index.php?rest_route=\/wp\/v2\/posts\/22199\/revisions\/22261"}],"wp:attachment":[{"href":"https:\/\/www.sp14.tychy.pl\/index.php?rest_route=%2Fwp%2Fv2%2Fmedia&parent=22199"}],"wp:term":[{"taxonomy":"category","embeddable":true,"href":"https:\/\/www.sp14.tychy.pl\/index.php?rest_route=%2Fwp%2Fv2%2Fcategories&post=22199"},{"taxonomy":"post_tag","embeddable":true,"href":"https:\/\/www.sp14.tychy.pl\/index.php?rest_route=%2Fwp%2Fv2%2Ftags&post=22199"}],"curies":[{"name":"wp","href":"https:\/\/api.w.org\/{rel}","templated":true}]}}