{"id":22751,"date":"2024-03-27T08:37:02","date_gmt":"2024-03-27T07:37:02","guid":{"rendered":"https:\/\/www.sp14.tychy.pl\/?p=22751"},"modified":"2024-03-27T08:39:24","modified_gmt":"2024-03-27T07:39:24","slug":"wojewodzkie-konkursy-przedmiotowe-3","status":"publish","type":"post","link":"https:\/\/www.sp14.tychy.pl\/?p=22751","title":{"rendered":"Wojew\u00f3dzkie Konkursy Przedmiotowe"},"content":{"rendered":"<div class=\"wp-block-image\">\n<figure class=\"alignleft size-large is-resized\"><img decoding=\"async\" loading=\"lazy\" src=\"https:\/\/www.sp14.tychy.pl\/wp-content\/uploads\/2024\/03\/wojewodzkie-konkursy-przedmiotowe-1024x724.png\" alt=\"\" class=\"wp-image-22780\" width=\"450\" height=\"317\" srcset=\"https:\/\/www.sp14.tychy.pl\/wp-content\/uploads\/2024\/03\/wojewodzkie-konkursy-przedmiotowe-1024x724.png 1024w, https:\/\/www.sp14.tychy.pl\/wp-content\/uploads\/2024\/03\/wojewodzkie-konkursy-przedmiotowe-300x212.png 300w, https:\/\/www.sp14.tychy.pl\/wp-content\/uploads\/2024\/03\/wojewodzkie-konkursy-przedmiotowe-150x106.png 150w, https:\/\/www.sp14.tychy.pl\/wp-content\/uploads\/2024\/03\/wojewodzkie-konkursy-przedmiotowe-768x543.png 768w, https:\/\/www.sp14.tychy.pl\/wp-content\/uploads\/2024\/03\/wojewodzkie-konkursy-przedmiotowe-1536x1086.png 1536w, https:\/\/www.sp14.tychy.pl\/wp-content\/uploads\/2024\/03\/wojewodzkie-konkursy-przedmiotowe.png 2000w\" sizes=\"(max-width: 450px) 100vw, 450px\" \/><\/figure><\/div>\n\n\n<p>Bie\u017c\u0105cy rok szkolny obfituje w sukcesy naszych uczni\u00f3w. Z rado\u015bci\u0105 przekazujemy, \u017ce uczennice &#8211;\u00a0<strong>Hanna Jachacy<\/strong>\u00a0uzyska\u0142a tytu\u0142\u00a0<strong>laureatki<\/strong>, a\u00a0Anna Lisok\u00a0tytu\u0142\u00a0finalistki\u00a0Wojew\u00f3dzkiego Konkursu Przedmiotowego z\u00a0J\u0119zyka Polskiego.<\/p>\n\n\n\n<p>Sukces ten nie by\u0142by mo\u017cliwy bez zaanga\u017cowania pani Dyrektor&nbsp;Ma\u0142gorzaty Che\u0142chowskiej, kt\u00f3ra przygotowa\u0142a uczennice do konkursu.<\/p>\n\n\n\n<p>Ponadto dwaj uczniowie klasy 6a &#8211;&nbsp;Bartosz Kryczkowski&nbsp;oraz&nbsp;Robert Milarski&nbsp;uzyskali tytu\u0142&nbsp;finalisty&nbsp;Wojew\u00f3dzkiego Konkursu Przedmiotowego z&nbsp;Historii.<\/p>\n\n\n\n<p>Warto wspomnie\u0107, \u017ce Bartek zdoby\u0142 52 punkty i zabrak\u0142o mu zaledwie 2 punkt\u00f3w do tytu\u0142u laureata. Do konkursu byli przygotowywani przez pana&nbsp;Wicedyrektora Jacka Biernackiego.<\/p>\n\n\n\n<p>Tytu\u0142 finalistki w konkursach przedmiotowych, osi\u0105gaj\u0105c bardzo dobre wyniki, uzyska\u0142y r\u00f3wnie\u017c:<br>&#8211; Ania Lisok &#8211; Finalistka Wojew\u00f3dzkiego Konkursu Przedmiotowego z J\u0119zyka Hiszpa\u0144skiego oraz<br>&#8211; Anita Krajewska &#8211; Finalistka Wojew\u00f3dzkiego Konkursu Przedmiotowego z Biologii.<br>Uczennice by\u0142y przygotowywane przez panie Patrycj\u0119 Porczy\u0144sk\u0105 (j. hiszpa\u0144ski) i Agnieszk\u0119 Nowok (biologia).<\/p>\n\n\n\n<p>Wszystkim serdecznie gratulujemy!<\/p>\n\n\n\n<p><\/p>\n","protected":false},"excerpt":{"rendered":"<p>Bie\u017c\u0105cy rok szkolny obfituje w sukcesy naszych uczni\u00f3w. Z rado\u015bci\u0105 przekazujemy, \u017ce uczennice &#8211;\u00a0Hanna Jachacy\u00a0uzyska\u0142a tytu\u0142\u00a0laureatki, a\u00a0Anna Lisok\u00a0tytu\u0142\u00a0finalistki\u00a0Wojew\u00f3dzkiego Konkursu Przedmiotowego z\u00a0J\u0119zyka Polskiego. Sukces ten nie by\u0142by mo\u017cliwy bez zaanga\u017cowania pani Dyrektor&nbsp;Ma\u0142gorzaty Che\u0142chowskiej, kt\u00f3ra przygotowa\u0142a uczennice do konkursu. Ponadto dwaj uczniowie klasy 6a &#8211;&nbsp;Bartosz Kryczkowski&nbsp;oraz&nbsp;Robert Milarski&nbsp;uzyskali tytu\u0142&nbsp;finalisty&nbsp;Wojew\u00f3dzkiego Konkursu Przedmiotowego z&nbsp;Historii. Warto wspomnie\u0107, \u017ce Bartek zdoby\u0142 52 [&hellip;]<\/p>\n","protected":false},"author":21,"featured_media":0,"comment_status":"closed","ping_status":"closed","sticky":false,"template":"","format":"standard","meta":{"_mi_skip_tracking":false},"categories":[11],"tags":[],"_links":{"self":[{"href":"https:\/\/www.sp14.tychy.pl\/index.php?rest_route=\/wp\/v2\/posts\/22751"}],"collection":[{"href":"https:\/\/www.sp14.tychy.pl\/index.php?rest_route=\/wp\/v2\/posts"}],"about":[{"href":"https:\/\/www.sp14.tychy.pl\/index.php?rest_route=\/wp\/v2\/types\/post"}],"author":[{"embeddable":true,"href":"https:\/\/www.sp14.tychy.pl\/index.php?rest_route=\/wp\/v2\/users\/21"}],"replies":[{"embeddable":true,"href":"https:\/\/www.sp14.tychy.pl\/index.php?rest_route=%2Fwp%2Fv2%2Fcomments&post=22751"}],"version-history":[{"count":5,"href":"https:\/\/www.sp14.tychy.pl\/index.php?rest_route=\/wp\/v2\/posts\/22751\/revisions"}],"predecessor-version":[{"id":22784,"href":"https:\/\/www.sp14.tychy.pl\/index.php?rest_route=\/wp\/v2\/posts\/22751\/revisions\/22784"}],"wp:attachment":[{"href":"https:\/\/www.sp14.tychy.pl\/index.php?rest_route=%2Fwp%2Fv2%2Fmedia&parent=22751"}],"wp:term":[{"taxonomy":"category","embeddable":true,"href":"https:\/\/www.sp14.tychy.pl\/index.php?rest_route=%2Fwp%2Fv2%2Fcategories&post=22751"},{"taxonomy":"post_tag","embeddable":true,"href":"https:\/\/www.sp14.tychy.pl\/index.php?rest_route=%2Fwp%2Fv2%2Ftags&post=22751"}],"curies":[{"name":"wp","href":"https:\/\/api.w.org\/{rel}","templated":true}]}}