{"id":22942,"date":"2024-04-12T08:39:54","date_gmt":"2024-04-12T06:39:54","guid":{"rendered":"https:\/\/www.sp14.tychy.pl\/?p=22942"},"modified":"2024-04-17T12:09:40","modified_gmt":"2024-04-17T10:09:40","slug":"osiagniecia-uczniow-klasy-1a","status":"publish","type":"post","link":"https:\/\/www.sp14.tychy.pl\/?p=22942","title":{"rendered":"Osi\u0105gni\u0119cia uczni\u00f3w klasy 1a"},"content":{"rendered":"<div class=\"wp-block-image\">\n<figure class=\"alignleft size-full is-resized\"><img decoding=\"async\" loading=\"lazy\" src=\"https:\/\/www.sp14.tychy.pl\/wp-content\/uploads\/2024\/04\/wpis.jpg\" alt=\"\" class=\"wp-image-22946\" width=\"433\" height=\"288\" srcset=\"https:\/\/www.sp14.tychy.pl\/wp-content\/uploads\/2024\/04\/wpis.jpg 900w, https:\/\/www.sp14.tychy.pl\/wp-content\/uploads\/2024\/04\/wpis-300x200.jpg 300w, https:\/\/www.sp14.tychy.pl\/wp-content\/uploads\/2024\/04\/wpis-150x100.jpg 150w, https:\/\/www.sp14.tychy.pl\/wp-content\/uploads\/2024\/04\/wpis-768x512.jpg 768w\" sizes=\"(max-width: 433px) 100vw, 433px\" \/><\/figure><\/div>\n\n\n<p><br><br><\/p>\n\n\n\n<p>Mi\u0142o nam poinformowa\u0107, \u017ce uczennice klasy 1a Kalina zaj\u0119\u0142a III miejsce, a Marcelina otrzyma\u0142a wyr\u00f3\u017cnienie w mi\u0119dzyszkolnym konkursie plastyczno &#8211; j\u0119zykowym \u201eM\u00f3j s\u0142owniczek&#8221;. Natomiast w miejskim konkursie \u201eMotyle fantazje&#8221; wyr\u00f3\u017cnienie zdoby\u0142a r\u00f3wnie\u017c Kalina. W tym konkursie r\u00f3wnie\u017c uczestniczyli Amelia, Maja P., Bart\u0142omiej, Maja T. i Natalia, kt\u00f3rzy otrzymali dyplom za udzia\u0142.<\/p>\n\n\n\n<p>\u017byczymy kolejnych sukces\u00f3w.<\/p>\n\n\n\n<!--more-->\n\n\n\n<p><br><br><br><br><\/p>\n\n\n\n<figure class=\"is-layout-flex wp-block-gallery-1 wp-block-gallery has-nested-images columns-default is-cropped\">\n<figure class=\"wp-block-image size-large\"><img decoding=\"async\" loading=\"lazy\" width=\"1024\" height=\"461\" data-id=\"22944\"  src=\"https:\/\/www.sp14.tychy.pl\/wp-content\/uploads\/2024\/04\/20240311_080633-1-1024x461.jpg\" alt=\"\" class=\"wp-image-22944\" srcset=\"https:\/\/www.sp14.tychy.pl\/wp-content\/uploads\/2024\/04\/20240311_080633-1-1024x461.jpg 1024w, https:\/\/www.sp14.tychy.pl\/wp-content\/uploads\/2024\/04\/20240311_080633-1-300x135.jpg 300w, https:\/\/www.sp14.tychy.pl\/wp-content\/uploads\/2024\/04\/20240311_080633-1-150x68.jpg 150w, https:\/\/www.sp14.tychy.pl\/wp-content\/uploads\/2024\/04\/20240311_080633-1-768x346.jpg 768w, https:\/\/www.sp14.tychy.pl\/wp-content\/uploads\/2024\/04\/20240311_080633-1-1536x691.jpg 1536w, https:\/\/www.sp14.tychy.pl\/wp-content\/uploads\/2024\/04\/20240311_080633-1.jpg 2000w\" sizes=\"(max-width: 1024px) 100vw, 1024px\" \/><\/figure>\n\n\n\n<figure class=\"wp-block-image size-large\"><img decoding=\"async\" loading=\"lazy\" width=\"1024\" height=\"461\" data-id=\"22943\"  src=\"https:\/\/www.sp14.tychy.pl\/wp-content\/uploads\/2024\/04\/20240311_080633-1024x461.jpg\" alt=\"\" class=\"wp-image-22943\" srcset=\"https:\/\/www.sp14.tychy.pl\/wp-content\/uploads\/2024\/04\/20240311_080633-1024x461.jpg 1024w, https:\/\/www.sp14.tychy.pl\/wp-content\/uploads\/2024\/04\/20240311_080633-300x135.jpg 300w, https:\/\/www.sp14.tychy.pl\/wp-content\/uploads\/2024\/04\/20240311_080633-150x68.jpg 150w, https:\/\/www.sp14.tychy.pl\/wp-content\/uploads\/2024\/04\/20240311_080633-768x346.jpg 768w, https:\/\/www.sp14.tychy.pl\/wp-content\/uploads\/2024\/04\/20240311_080633-1536x691.jpg 1536w, https:\/\/www.sp14.tychy.pl\/wp-content\/uploads\/2024\/04\/20240311_080633.jpg 2000w\" sizes=\"(max-width: 1024px) 100vw, 1024px\" \/><\/figure>\n\n\n\n<figure class=\"wp-block-image size-large\"><img decoding=\"async\" loading=\"lazy\" width=\"1024\" height=\"567\" data-id=\"22945\"  src=\"https:\/\/www.sp14.tychy.pl\/wp-content\/uploads\/2024\/04\/20240327_115026-1024x567.jpg\" alt=\"\" class=\"wp-image-22945\" srcset=\"https:\/\/www.sp14.tychy.pl\/wp-content\/uploads\/2024\/04\/20240327_115026-1024x567.jpg 1024w, https:\/\/www.sp14.tychy.pl\/wp-content\/uploads\/2024\/04\/20240327_115026-300x166.jpg 300w, https:\/\/www.sp14.tychy.pl\/wp-content\/uploads\/2024\/04\/20240327_115026-150x83.jpg 150w, https:\/\/www.sp14.tychy.pl\/wp-content\/uploads\/2024\/04\/20240327_115026-768x425.jpg 768w, https:\/\/www.sp14.tychy.pl\/wp-content\/uploads\/2024\/04\/20240327_115026-1536x850.jpg 1536w, https:\/\/www.sp14.tychy.pl\/wp-content\/uploads\/2024\/04\/20240327_115026.jpg 2000w\" sizes=\"(max-width: 1024px) 100vw, 1024px\" \/><\/figure>\n<\/figure>\n\n\n\n<p><\/p>\n","protected":false},"excerpt":{"rendered":"<p>Mi\u0142o nam poinformowa\u0107, \u017ce uczennice klasy 1a Kalina zaj\u0119\u0142a III miejsce, a Marcelina otrzyma\u0142a wyr\u00f3\u017cnienie w mi\u0119dzyszkolnym konkursie plastyczno &#8211; j\u0119zykowym \u201eM\u00f3j s\u0142owniczek&#8221;. Natomiast w miejskim konkursie \u201eMotyle fantazje&#8221; wyr\u00f3\u017cnienie zdoby\u0142a r\u00f3wnie\u017c Kalina. W tym konkursie r\u00f3wnie\u017c uczestniczyli Amelia, Maja P., Bart\u0142omiej, Maja T. i Natalia, kt\u00f3rzy otrzymali dyplom za udzia\u0142. \u017byczymy kolejnych sukces\u00f3w.<\/p>\n","protected":false},"author":21,"featured_media":0,"comment_status":"closed","ping_status":"closed","sticky":false,"template":"","format":"standard","meta":{"_mi_skip_tracking":false},"categories":[11],"tags":[],"_links":{"self":[{"href":"https:\/\/www.sp14.tychy.pl\/index.php?rest_route=\/wp\/v2\/posts\/22942"}],"collection":[{"href":"https:\/\/www.sp14.tychy.pl\/index.php?rest_route=\/wp\/v2\/posts"}],"about":[{"href":"https:\/\/www.sp14.tychy.pl\/index.php?rest_route=\/wp\/v2\/types\/post"}],"author":[{"embeddable":true,"href":"https:\/\/www.sp14.tychy.pl\/index.php?rest_route=\/wp\/v2\/users\/21"}],"replies":[{"embeddable":true,"href":"https:\/\/www.sp14.tychy.pl\/index.php?rest_route=%2Fwp%2Fv2%2Fcomments&post=22942"}],"version-history":[{"count":6,"href":"https:\/\/www.sp14.tychy.pl\/index.php?rest_route=\/wp\/v2\/posts\/22942\/revisions"}],"predecessor-version":[{"id":22953,"href":"https:\/\/www.sp14.tychy.pl\/index.php?rest_route=\/wp\/v2\/posts\/22942\/revisions\/22953"}],"wp:attachment":[{"href":"https:\/\/www.sp14.tychy.pl\/index.php?rest_route=%2Fwp%2Fv2%2Fmedia&parent=22942"}],"wp:term":[{"taxonomy":"category","embeddable":true,"href":"https:\/\/www.sp14.tychy.pl\/index.php?rest_route=%2Fwp%2Fv2%2Fcategories&post=22942"},{"taxonomy":"post_tag","embeddable":true,"href":"https:\/\/www.sp14.tychy.pl\/index.php?rest_route=%2Fwp%2Fv2%2Ftags&post=22942"}],"curies":[{"name":"wp","href":"https:\/\/api.w.org\/{rel}","templated":true}]}}