{"id":3174,"date":"2018-10-30T01:03:09","date_gmt":"2018-10-30T00:03:09","guid":{"rendered":"https:\/\/www.sp14.tychy.pl\/?p=3174"},"modified":"2018-11-04T02:50:21","modified_gmt":"2018-11-04T01:50:21","slug":"8b-porzadkuje-pomniki-i-groby-zolnierzy-armii-krajowej","status":"publish","type":"post","link":"https:\/\/www.sp14.tychy.pl\/?p=3174","title":{"rendered":"8B porz\u0105dkuje pomniki i groby \u017co\u0142nierzy Armii Krajowej"},"content":{"rendered":"<p><img decoding=\"async\" loading=\"lazy\" class=\"alignleft size-medium wp-image-3177\" style=\"border: 10px solid white;\" src=\"https:\/\/www.sp14.tychy.pl\/wp-content\/uploads\/2018\/11\/20181029_132046-300x169.jpg\" alt=\"\" width=\"300\" height=\"169\" \/>Jak co roku, ale teraz z wi\u0119kszym zaanga\u017cowaniem, uczniowie klasy mundurowej 8B porz\u0105dkowali pomniki i groby \u017co\u0142nierzy Armii Krajowej. Szczeg\u00f3lnie pomnik gen. Grota-Roweckiego. Zebrali\u015bmy li\u015bcie, umyli\u015bmy pomnik (nad kt\u00f3rym ptaki nie maj\u0105 lito\u015bci) oraz z\u0142o\u017cyli\u015bmy zapalone znicze. W \u015brod\u0119 klasa 8 B wybiera si\u0119 do \u0141odygowic na gr\u00f3b p. por. Marii Gosz-Pi\u0105tkowiak, wieloletniego<!--more--> Przyjaciela Naszej szko\u0142y.<\/p>\n\n\t\t<style type=\"text\/css\">\n\t\t\t#gallery-1 {\n\t\t\t\tmargin: auto;\n\t\t\t}\n\t\t\t#gallery-1 .gallery-item {\n\t\t\t\tfloat: left;\n\t\t\t\tmargin-top: 10px;\n\t\t\t\ttext-align: center;\n\t\t\t\twidth: 33%;\n\t\t\t}\n\t\t\t#gallery-1 img {\n\t\t\t\tborder: 2px solid #cfcfcf;\n\t\t\t}\n\t\t\t#gallery-1 .gallery-caption {\n\t\t\t\tmargin-left: 0;\n\t\t\t}\n\t\t\t\/* see gallery_shortcode() in wp-includes\/media.php *\/\n\t\t<\/style>\n\t\t<div id='gallery-1' class='gallery galleryid-3174 gallery-columns-3 gallery-size-thumbnail'><dl class='gallery-item'>\n\t\t\t<dt class='gallery-icon portrait'>\n\t\t\t\t<a href='https:\/\/www.sp14.tychy.pl\/?attachment_id=3180'><img width=\"150\" height=\"150\" src=\"https:\/\/www.sp14.tychy.pl\/wp-content\/uploads\/2018\/11\/20181029_134502-e1541290000199-150x150.jpg\" class=\"attachment-thumbnail size-thumbnail\" alt=\"\" decoding=\"async\" loading=\"lazy\" \/><\/a>\n\t\t\t<\/dt><\/dl><dl class='gallery-item'>\n\t\t\t<dt class='gallery-icon landscape'>\n\t\t\t\t<a href='https:\/\/www.sp14.tychy.pl\/?attachment_id=3179'><img width=\"150\" height=\"150\" src=\"https:\/\/www.sp14.tychy.pl\/wp-content\/uploads\/2018\/11\/20181029_134310-150x150.jpg\" class=\"attachment-thumbnail size-thumbnail\" alt=\"\" decoding=\"async\" loading=\"lazy\" \/><\/a>\n\t\t\t<\/dt><\/dl><dl class='gallery-item'>\n\t\t\t<dt class='gallery-icon portrait'>\n\t\t\t\t<a href='https:\/\/www.sp14.tychy.pl\/?attachment_id=3178'><img width=\"150\" height=\"150\" src=\"https:\/\/www.sp14.tychy.pl\/wp-content\/uploads\/2018\/11\/20181029_132626-e1541290012863-150x150.jpg\" class=\"attachment-thumbnail size-thumbnail\" alt=\"\" decoding=\"async\" loading=\"lazy\" \/><\/a>\n\t\t\t<\/dt><\/dl><br style=\"clear: both\" \/><dl class='gallery-item'>\n\t\t\t<dt class='gallery-icon landscape'>\n\t\t\t\t<a href='https:\/\/www.sp14.tychy.pl\/?attachment_id=3177'><img width=\"150\" height=\"150\" src=\"https:\/\/www.sp14.tychy.pl\/wp-content\/uploads\/2018\/11\/20181029_132046-150x150.jpg\" class=\"attachment-thumbnail size-thumbnail\" alt=\"\" decoding=\"async\" loading=\"lazy\" \/><\/a>\n\t\t\t<\/dt><\/dl><dl class='gallery-item'>\n\t\t\t<dt class='gallery-icon landscape'>\n\t\t\t\t<a href='https:\/\/www.sp14.tychy.pl\/?attachment_id=3176'><img width=\"150\" height=\"150\" src=\"https:\/\/www.sp14.tychy.pl\/wp-content\/uploads\/2018\/11\/20181029_132031-150x150.jpg\" class=\"attachment-thumbnail size-thumbnail\" alt=\"\" decoding=\"async\" loading=\"lazy\" \/><\/a>\n\t\t\t<\/dt><\/dl><dl class='gallery-item'>\n\t\t\t<dt class='gallery-icon landscape'>\n\t\t\t\t<a href='https:\/\/www.sp14.tychy.pl\/?attachment_id=3175'><img width=\"150\" height=\"150\" src=\"https:\/\/www.sp14.tychy.pl\/wp-content\/uploads\/2018\/11\/20181029_132020-150x150.jpg\" class=\"attachment-thumbnail size-thumbnail\" alt=\"\" decoding=\"async\" loading=\"lazy\" \/><\/a>\n\t\t\t<\/dt><\/dl><br style=\"clear: both\" \/>\n\t\t<\/div>\n\n","protected":false},"excerpt":{"rendered":"<p>Jak co roku, ale teraz z wi\u0119kszym zaanga\u017cowaniem, uczniowie klasy mundurowej 8B porz\u0105dkowali pomniki i groby \u017co\u0142nierzy Armii Krajowej. Szczeg\u00f3lnie pomnik gen. Grota-Roweckiego. Zebrali\u015bmy li\u015bcie, umyli\u015bmy pomnik (nad kt\u00f3rym ptaki nie maj\u0105 lito\u015bci) oraz z\u0142o\u017cyli\u015bmy zapalone znicze. W \u015brod\u0119 klasa 8 B wybiera si\u0119 do \u0141odygowic na gr\u00f3b p. por. Marii Gosz-Pi\u0105tkowiak, wieloletniego<\/p>\n","protected":false},"author":1,"featured_media":0,"comment_status":"closed","ping_status":"closed","sticky":false,"template":"","format":"standard","meta":{"_mi_skip_tracking":false},"categories":[22,11],"tags":[],"_links":{"self":[{"href":"https:\/\/www.sp14.tychy.pl\/index.php?rest_route=\/wp\/v2\/posts\/3174"}],"collection":[{"href":"https:\/\/www.sp14.tychy.pl\/index.php?rest_route=\/wp\/v2\/posts"}],"about":[{"href":"https:\/\/www.sp14.tychy.pl\/index.php?rest_route=\/wp\/v2\/types\/post"}],"author":[{"embeddable":true,"href":"https:\/\/www.sp14.tychy.pl\/index.php?rest_route=\/wp\/v2\/users\/1"}],"replies":[{"embeddable":true,"href":"https:\/\/www.sp14.tychy.pl\/index.php?rest_route=%2Fwp%2Fv2%2Fcomments&post=3174"}],"version-history":[{"count":3,"href":"https:\/\/www.sp14.tychy.pl\/index.php?rest_route=\/wp\/v2\/posts\/3174\/revisions"}],"predecessor-version":[{"id":3268,"href":"https:\/\/www.sp14.tychy.pl\/index.php?rest_route=\/wp\/v2\/posts\/3174\/revisions\/3268"}],"wp:attachment":[{"href":"https:\/\/www.sp14.tychy.pl\/index.php?rest_route=%2Fwp%2Fv2%2Fmedia&parent=3174"}],"wp:term":[{"taxonomy":"category","embeddable":true,"href":"https:\/\/www.sp14.tychy.pl\/index.php?rest_route=%2Fwp%2Fv2%2Fcategories&post=3174"},{"taxonomy":"post_tag","embeddable":true,"href":"https:\/\/www.sp14.tychy.pl\/index.php?rest_route=%2Fwp%2Fv2%2Ftags&post=3174"}],"curies":[{"name":"wp","href":"https:\/\/api.w.org\/{rel}","templated":true}]}}