{"id":5200,"date":"2019-09-05T07:36:30","date_gmt":"2019-09-05T05:36:30","guid":{"rendered":"https:\/\/www.sp14.tychy.pl\/?p=5200"},"modified":"2019-09-06T01:01:24","modified_gmt":"2019-09-05T23:01:24","slug":"zebranie","status":"publish","type":"post","link":"https:\/\/www.sp14.tychy.pl\/?p=5200","title":{"rendered":"Zebranie"},"content":{"rendered":"\n<h4><center>Spotkanie z rodzicami inauguruj\u0105ce nowy rok szkolny odb\u0119dzie si\u0119 11 wrze\u015bnia 2019 r. (<strong>\u015aRODA<\/strong>) o godz. 17.00. Serdecznie zapraszamy.<\/center><\/h4>\n\n\n\n<p><\/p>\n","protected":false},"excerpt":{"rendered":"<p>Spotkanie z rodzicami inauguruj\u0105ce nowy rok szkolny odb\u0119dzie si\u0119 11 wrze\u015bnia 2019 r. (\u015aRODA) o godz. 17.00. Serdecznie zapraszamy.<\/p>\n","protected":false},"author":2,"featured_media":0,"comment_status":"closed","ping_status":"closed","sticky":false,"template":"","format":"standard","meta":{"_mi_skip_tracking":false},"categories":[11],"tags":[],"_links":{"self":[{"href":"https:\/\/www.sp14.tychy.pl\/index.php?rest_route=\/wp\/v2\/posts\/5200"}],"collection":[{"href":"https:\/\/www.sp14.tychy.pl\/index.php?rest_route=\/wp\/v2\/posts"}],"about":[{"href":"https:\/\/www.sp14.tychy.pl\/index.php?rest_route=\/wp\/v2\/types\/post"}],"author":[{"embeddable":true,"href":"https:\/\/www.sp14.tychy.pl\/index.php?rest_route=\/wp\/v2\/users\/2"}],"replies":[{"embeddable":true,"href":"https:\/\/www.sp14.tychy.pl\/index.php?rest_route=%2Fwp%2Fv2%2Fcomments&post=5200"}],"version-history":[{"count":9,"href":"https:\/\/www.sp14.tychy.pl\/index.php?rest_route=\/wp\/v2\/posts\/5200\/revisions"}],"predecessor-version":[{"id":5247,"href":"https:\/\/www.sp14.tychy.pl\/index.php?rest_route=\/wp\/v2\/posts\/5200\/revisions\/5247"}],"wp:attachment":[{"href":"https:\/\/www.sp14.tychy.pl\/index.php?rest_route=%2Fwp%2Fv2%2Fmedia&parent=5200"}],"wp:term":[{"taxonomy":"category","embeddable":true,"href":"https:\/\/www.sp14.tychy.pl\/index.php?rest_route=%2Fwp%2Fv2%2Fcategories&post=5200"},{"taxonomy":"post_tag","embeddable":true,"href":"https:\/\/www.sp14.tychy.pl\/index.php?rest_route=%2Fwp%2Fv2%2Ftags&post=5200"}],"curies":[{"name":"wp","href":"https:\/\/api.w.org\/{rel}","templated":true}]}}