{"id":8884,"date":"2020-11-26T16:52:34","date_gmt":"2020-11-26T15:52:34","guid":{"rendered":"https:\/\/www.sp14.tychy.pl\/?p=8884"},"modified":"2020-12-02T12:26:06","modified_gmt":"2020-12-02T11:26:06","slug":"swiatowy-dzien-pluszowego-misia","status":"publish","type":"post","link":"https:\/\/www.sp14.tychy.pl\/?p=8884","title":{"rendered":"\u015awiatowy Dzie\u0144 Pluszowego Misia"},"content":{"rendered":"\n<div class=\"wp-block-image\"><figure class=\"alignleft\"><img decoding=\"async\" loading=\"lazy\" width=\"300\" height=\"251\" src=\"https:\/\/www.sp14.tychy.pl\/wp-content\/uploads\/2020\/11\/Dzie\u0144-pluszowego-Misia-300x251.png\" alt=\"\" class=\"wp-image-8901\" srcset=\"https:\/\/www.sp14.tychy.pl\/wp-content\/uploads\/2020\/11\/Dzie\u0144-pluszowego-Misia-300x251.png 300w, https:\/\/www.sp14.tychy.pl\/wp-content\/uploads\/2020\/11\/Dzie\u0144-pluszowego-Misia-150x126.png 150w, https:\/\/www.sp14.tychy.pl\/wp-content\/uploads\/2020\/11\/Dzie\u0144-pluszowego-Misia.png 460w\" sizes=\"(max-width: 300px) 100vw, 300px\" \/><\/figure><\/div>\n\n\n\n<p>Szkolna biblioteka w SP 14 obchodzi\u0142a Dzie\u0144 Pluszowego Misia. Wszyscy bohaterowie ksi\u0105\u017cek zaprezentowali si\u0119 najlepiej jak mogli \ud83d\ude42 . <br>A oto ich zdj\u0119cie grupowe. <br>Gdyby kto\u015b chcia\u0142 pozna\u0107 bli\u017cej kt\u00f3rego\u015b z bohater\u00f3w. Zapraszamy!<br><br><br><br><\/p>\n\n\n\n<p style=\"color:#ffffff\" class=\"has-text-color\">a<br>a<br>a<br><br><\/p>\n\n\n\n<hr class=\"wp-block-separator\"\/>\n\n\n\n<!--more-->\n\n\n\n<figure class=\"wp-block-image\"><img decoding=\"async\" loading=\"lazy\" width=\"1024\" height=\"768\" src=\"https:\/\/www.sp14.tychy.pl\/wp-content\/uploads\/2020\/11\/20201126_122821-1024x768.jpg\" alt=\"\" class=\"wp-image-8885\" srcset=\"https:\/\/www.sp14.tychy.pl\/wp-content\/uploads\/2020\/11\/20201126_122821-1024x768.jpg 1024w, https:\/\/www.sp14.tychy.pl\/wp-content\/uploads\/2020\/11\/20201126_122821-150x113.jpg 150w, https:\/\/www.sp14.tychy.pl\/wp-content\/uploads\/2020\/11\/20201126_122821-300x225.jpg 300w, https:\/\/www.sp14.tychy.pl\/wp-content\/uploads\/2020\/11\/20201126_122821-768x576.jpg 768w\" sizes=\"(max-width: 1024px) 100vw, 1024px\" \/><\/figure>\n\n\n\n<p>Ksi\u0105\u017cki o misiach w zasobach biblioteki naszej Szko\u0142y:<\/p>\n\n\n\n<div class=\"wp-block-image\"><figure class=\"alignleft\"><img decoding=\"async\" loading=\"lazy\" width=\"187\" height=\"300\" src=\"https:\/\/www.sp14.tychy.pl\/wp-content\/uploads\/2020\/11\/20201126_122738-187x300.jpg\" alt=\"\" class=\"wp-image-8886\" srcset=\"https:\/\/www.sp14.tychy.pl\/wp-content\/uploads\/2020\/11\/20201126_122738-187x300.jpg 187w, https:\/\/www.sp14.tychy.pl\/wp-content\/uploads\/2020\/11\/20201126_122738-93x150.jpg 93w, https:\/\/www.sp14.tychy.pl\/wp-content\/uploads\/2020\/11\/20201126_122738-768x1233.jpg 768w, https:\/\/www.sp14.tychy.pl\/wp-content\/uploads\/2020\/11\/20201126_122738-638x1024.jpg 638w, https:\/\/www.sp14.tychy.pl\/wp-content\/uploads\/2020\/11\/20201126_122738.jpg 1992w\" sizes=\"(max-width: 187px) 100vw, 187px\" \/><\/figure><\/div>\n\n\n\n<ul><li>Kubu\u015b Puchatek  &#8211; A. A. Milne<\/li><li>Chatka Puchatka &#8211; A. A. Milne<\/li><li>Kubu\u015b i Hefalumpy &#8211; t\u0142. A. Nied\u017awiecka<\/li><li>Mi\u0142y ma\u0142y Mi\u015b &#8211; C. Pedler<\/li><li>Ksi\u0119ga d\u017cungli &#8211; opowiada M. Strza\u0142kowska<\/li><li>M\u00f3j brat Nied\u017awied\u017a &#8211; L.A. Marsoli<\/li><li>Nied\u017awiadek polarny &#8211;  H. Webb<\/li><li>Droga miodowa &#8211; S. Potocki<\/li><li>(nieoficjalnie \ud83d\ude09 ) Mi\u015b zwany Paddington &#8211; M. Bond <\/li><li>Wielka Ma\u0142a Nied\u017awiedzica &#8211; P. Chmurska<\/li><li>Biblioteka bajek: Masza i Nied\u017awied\u017a<\/li><\/ul>\n\n\n\n<p><\/p>\n","protected":false},"excerpt":{"rendered":"<p>Szkolna biblioteka w SP 14 obchodzi\u0142a Dzie\u0144 Pluszowego Misia. Wszyscy bohaterowie ksi\u0105\u017cek zaprezentowali si\u0119 najlepiej jak mogli \ud83d\ude42 . A oto ich zdj\u0119cie grupowe. Gdyby kto\u015b chcia\u0142 pozna\u0107 bli\u017cej kt\u00f3rego\u015b z bohater\u00f3w. Zapraszamy! aaa<\/p>\n","protected":false},"author":21,"featured_media":0,"comment_status":"closed","ping_status":"closed","sticky":false,"template":"","format":"standard","meta":{"_mi_skip_tracking":false},"categories":[3],"tags":[],"_links":{"self":[{"href":"https:\/\/www.sp14.tychy.pl\/index.php?rest_route=\/wp\/v2\/posts\/8884"}],"collection":[{"href":"https:\/\/www.sp14.tychy.pl\/index.php?rest_route=\/wp\/v2\/posts"}],"about":[{"href":"https:\/\/www.sp14.tychy.pl\/index.php?rest_route=\/wp\/v2\/types\/post"}],"author":[{"embeddable":true,"href":"https:\/\/www.sp14.tychy.pl\/index.php?rest_route=\/wp\/v2\/users\/21"}],"replies":[{"embeddable":true,"href":"https:\/\/www.sp14.tychy.pl\/index.php?rest_route=%2Fwp%2Fv2%2Fcomments&post=8884"}],"version-history":[{"count":17,"href":"https:\/\/www.sp14.tychy.pl\/index.php?rest_route=\/wp\/v2\/posts\/8884\/revisions"}],"predecessor-version":[{"id":9023,"href":"https:\/\/www.sp14.tychy.pl\/index.php?rest_route=\/wp\/v2\/posts\/8884\/revisions\/9023"}],"wp:attachment":[{"href":"https:\/\/www.sp14.tychy.pl\/index.php?rest_route=%2Fwp%2Fv2%2Fmedia&parent=8884"}],"wp:term":[{"taxonomy":"category","embeddable":true,"href":"https:\/\/www.sp14.tychy.pl\/index.php?rest_route=%2Fwp%2Fv2%2Fcategories&post=8884"},{"taxonomy":"post_tag","embeddable":true,"href":"https:\/\/www.sp14.tychy.pl\/index.php?rest_route=%2Fwp%2Fv2%2Ftags&post=8884"}],"curies":[{"name":"wp","href":"https:\/\/api.w.org\/{rel}","templated":true}]}}