{"id":9269,"date":"2020-12-21T09:05:56","date_gmt":"2020-12-21T08:05:56","guid":{"rendered":"https:\/\/www.sp14.tychy.pl\/?p=9269"},"modified":"2020-12-21T09:05:57","modified_gmt":"2020-12-21T08:05:57","slug":"mala-ksiazka-wielki-czlowiek","status":"publish","type":"post","link":"https:\/\/www.sp14.tychy.pl\/?p=9269","title":{"rendered":"&#8222;Ma\u0142a ksi\u0105\u017cka &#8211; Wielki cz\u0142owiek&#8221;"},"content":{"rendered":"\n<div class=\"wp-block-image\"><figure class=\"alignleft\"><img decoding=\"async\" loading=\"lazy\" width=\"460\" height=\"385\" src=\"https:\/\/www.sp14.tychy.pl\/wp-content\/uploads\/2020\/12\/REmont-3.png\" alt=\"\" class=\"wp-image-9294\" srcset=\"https:\/\/www.sp14.tychy.pl\/wp-content\/uploads\/2020\/12\/REmont-3.png 460w, https:\/\/www.sp14.tychy.pl\/wp-content\/uploads\/2020\/12\/REmont-3-150x126.png 150w, https:\/\/www.sp14.tychy.pl\/wp-content\/uploads\/2020\/12\/REmont-3-300x251.png 300w\" sizes=\"(max-width: 460px) 100vw, 460px\" \/><\/figure><\/div>\n\n\n\n<p style=\"text-align: justify\"><strong>Kochani pierwszoklasi\u015bci!<\/strong> <br>W szkolnej bibliotece czekaj\u0105 ju\u017c na Was czytelnicze wyprawki Instytutu Ksi\u0105\u017cki.<\/p>\n\n\n\n<p style=\"text-align: justify\">Projekt &#8222;<strong>Ma\u0142a ksi\u0105\u017cka &#8211; Wielki cz\u0142owiek<\/strong>&#8221; ma na celu popularyzacj\u0119 czytelnictwa w\u015br\u00f3d najm\u0142odszych i przypominanie rodzicom oraz opiekunom o korzy\u015bciach wynikaj\u0105cych ze wsp\u00f3lnego rodzinnego czytania ju\u017c od pierwszych miesi\u0119cy \u017cycia dziecka. \n<br>Instytut Ksi\u0105\u017cki kieruj\u0105c si\u0119 do\u015bwiadczeniem innych kraj\u00f3w w 2017 roku zainicjowa\u0142 w Polsce program bookstartowy &#8211; nowo narodzonym dzieciom i ich rodzicom rozdaj\u0105c do tej pory ju\u017c blisko&nbsp;1000000&nbsp;ksi\u0105\u017cek dla niemowl\u0105t. W 2018 roku do czytania oraz regularnego odwiedzania biblioteki zach\u0119cano r\u00f3wnie\u017c dzieci w wieku przedszkolnym oraz ich rodzic\u00f3w. W blisko 6000 bibliotek publicznych (to oko\u0142o 80% wszystkich bibliotek w Polsce) przedszkolaki mog\u0105 odebra\u0107 przygotowane specjalnie dla nich wyprawki czytelniczy &#8211; ksi\u0105\u017ck\u0119, broszurk\u0119 dla rodzic\u00f3w oraz kart\u0119 ma\u0142ego czytelnika.<\/p>\n\n\n\n<!--more-->\n\n\n\n<p style=\"text-align: justify\"><strong>Trzeci etap kampanii zosta\u0142 przygotowany z my\u015bl\u0105 o dzieciach rozpoczynaj\u0105cych edukacj\u0119 w szkole podstawowej <\/strong>i stawiaj\u0105cych swoje pierwsze kroki w nauce czytania. Za spraw\u0105 przygotowanej specjalnie dla nich ksi\u0105\u017cki Instytut zaprasza pierwszoklasist\u00f3w do odbycia niezwyk\u0142ej przygody jak\u0105 jest umiej\u0119tno\u015b\u0107 rozpoznawania liter, sk\u0142adania ich w wyrazy i zdania, a w ko\u0144cu przyjemno\u015b\u0107 czerpania z lektury &#8211; tej czytanej przy wsparciu najbli\u017cszych, jak i tej odkrywanej samodzielnie <\/p>\n\n\n\n<p><p style=\"text-align: justify\">Projekt realizowany jest ze \u015brodk\u00f3w Ministerstwa Kultury i Dziedzictwa Narodowego pod patronatem Ministerstwa Edukacji Narodowej oraz Rzecznika Praw Dziecka.<\/p><\/p>\n\n\n\n<p>W sk\u0142ad wyprawki czytelniczej wchodz\u0105:<\/p>\n\n\n\n<p style=\"text-align: justify\"><ul><li>&#8222;<strong>Pierwsze abecad\u0142o<\/strong>&#8221; &#8211; antologia tekst\u00f3w najlepszych polskich autor\u00f3w dzieci\u0119cych, mi\u0119dzy innymi: M. Musierowicz, A. Onichimowskiej, R. Kosika, A. Fredry, J. Twardowskiego. D. Terakowskiej i innych, w opracowaniu graficznym wybitnej ilustratorki Iwony Chmielewskiej;<\/li><li>&#8222;<strong>Ksi\u0105\u017ck\u0105 po\u0142\u0105czeni, czyli uczymy si\u0119 czyta\u0107 razem<\/strong>&#8221; broszurka, kt\u00f3ra jest poradnikiem dla rodzic\u00f3w i opiekun\u00f3w podpowiadaj\u0105cym jak wspiera\u0107 dziecko w nauce czytania, a tak\u017ce zbiorem pomys\u0142\u00f3w na zabawy dla dzieci i aktywno\u015bci zwi\u0105zane z tekstami z ksi\u0105\u017cki;<\/li><li><strong>Kreatywny alfabet <\/strong>&#8211; plakat z literami do wycinania, kt\u00f3ry ma wspom\u00f3c nauk\u0119 alfabetu i czytania. <\/li><\/ul>\n\n\n\n<p>Ksi\u0105\u017cki otrzymacie zaraz po powrocie do szko\u0142y \ud83d\ude42<\/p>\n\n\n\n<div class=\"wp-block-button aligncenter\"><a class=\"wp-block-button__link has-background\" href=\"http:\/\/wielki-czlowiek.pl\/\" style=\"background-color:#056ba6\">Przej\u015bcie do strony &#8222;Ma\u0142a ksi\u0105\u017cka &#8211; Wielki cz\u0142owiek&#8221;<\/a><\/div>\n","protected":false},"excerpt":{"rendered":"<p>Kochani pierwszoklasi\u015bci! W szkolnej bibliotece czekaj\u0105 ju\u017c na Was czytelnicze wyprawki Instytutu Ksi\u0105\u017cki. Projekt &#8222;Ma\u0142a ksi\u0105\u017cka &#8211; Wielki cz\u0142owiek&#8221; ma na celu popularyzacj\u0119 czytelnictwa w\u015br\u00f3d najm\u0142odszych i przypominanie rodzicom oraz opiekunom o korzy\u015bciach wynikaj\u0105cych ze wsp\u00f3lnego rodzinnego czytania ju\u017c od pierwszych miesi\u0119cy \u017cycia dziecka. Instytut Ksi\u0105\u017cki kieruj\u0105c si\u0119 do\u015bwiadczeniem innych kraj\u00f3w w 2017 roku zainicjowa\u0142 [&hellip;]<\/p>\n","protected":false},"author":21,"featured_media":0,"comment_status":"closed","ping_status":"closed","sticky":false,"template":"","format":"standard","meta":{"_mi_skip_tracking":false},"categories":[3,11],"tags":[],"_links":{"self":[{"href":"https:\/\/www.sp14.tychy.pl\/index.php?rest_route=\/wp\/v2\/posts\/9269"}],"collection":[{"href":"https:\/\/www.sp14.tychy.pl\/index.php?rest_route=\/wp\/v2\/posts"}],"about":[{"href":"https:\/\/www.sp14.tychy.pl\/index.php?rest_route=\/wp\/v2\/types\/post"}],"author":[{"embeddable":true,"href":"https:\/\/www.sp14.tychy.pl\/index.php?rest_route=\/wp\/v2\/users\/21"}],"replies":[{"embeddable":true,"href":"https:\/\/www.sp14.tychy.pl\/index.php?rest_route=%2Fwp%2Fv2%2Fcomments&post=9269"}],"version-history":[{"count":9,"href":"https:\/\/www.sp14.tychy.pl\/index.php?rest_route=\/wp\/v2\/posts\/9269\/revisions"}],"predecessor-version":[{"id":9303,"href":"https:\/\/www.sp14.tychy.pl\/index.php?rest_route=\/wp\/v2\/posts\/9269\/revisions\/9303"}],"wp:attachment":[{"href":"https:\/\/www.sp14.tychy.pl\/index.php?rest_route=%2Fwp%2Fv2%2Fmedia&parent=9269"}],"wp:term":[{"taxonomy":"category","embeddable":true,"href":"https:\/\/www.sp14.tychy.pl\/index.php?rest_route=%2Fwp%2Fv2%2Fcategories&post=9269"},{"taxonomy":"post_tag","embeddable":true,"href":"https:\/\/www.sp14.tychy.pl\/index.php?rest_route=%2Fwp%2Fv2%2Ftags&post=9269"}],"curies":[{"name":"wp","href":"https:\/\/api.w.org\/{rel}","templated":true}]}}